{"id":7814,"date":"2023-11-23T07:33:54","date_gmt":"2023-11-23T10:33:54","guid":{"rendered":"http:\/\/universidadedacapoeira.com\/?p=7814"},"modified":"2023-11-23T07:33:54","modified_gmt":"2023-11-23T10:33:54","slug":"geraldo-vandre-domingos-teixeira-e-faustino-teixeira-faixa-de-gaia-juiz-de-fora-img_8728-574-gb-11h53-02jul23","status":"publish","type":"post","link":"https:\/\/universidadedacapoeira.com\/index.php\/2023\/11\/23\/geraldo-vandre-domingos-teixeira-e-faustino-teixeira-faixa-de-gaia-juiz-de-fora-img_8728-574-gb-11h53-02jul23\/","title":{"rendered":"Geraldo Vandr\u00e9: Domingos Teixeira e Faustino Teixeira. Faixa de Gaia, Juiz de Fora. IMG_8728. 5,74 GB. 11h53. 02Jul23."},"content":{"rendered":"\n<figure class=\"wp-block-embed is-type-video is-provider-youtube wp-block-embed-youtube wp-embed-aspect-16-9 wp-has-aspect-ratio\"><div class=\"wp-block-embed__wrapper\">\n<iframe loading=\"lazy\" title=\"Geraldo Vandr\u00e9: Domingos e Faustino Teixeira. Faixa de Gaia, Juiz de Fora. IMG_8728. 6 GB. 02Jul23\" width=\"500\" height=\"281\" src=\"https:\/\/www.youtube.com\/embed\/XqC9ln0ak48?feature=oembed\" frameborder=\"0\" allow=\"accelerometer; autoplay; clipboard-write; encrypted-media; gyroscope; picture-in-picture; web-share\" referrerpolicy=\"strict-origin-when-cross-origin\" allowfullscreen><\/iframe>\n<\/div><\/figure>\n","protected":false},"excerpt":{"rendered":"<p>Geraldo Vandr\u00e9: Domingos Teixeira e Faustino Teixeira. Faixa de Gaia, Condom\u00ednio Residencial Vale da Serra, Bairro Salvaterra, Juiz de Fora, Minas Gerais\/MG, Brasil. Registros de Capoeira Mestre Pol\u00eamico &#8211; Professor Jo\u00e3o Couto Teixeira, Estrela Dalva &#8211; Artista Pl\u00e1stica, Cineasta Salete Libardoni e Henrique Couto Teixeira. IMG_8728. 5,74 GB. 11h53. Domingo, 02 de Julho de 2023. HD 1080p.<br \/>\nUniversidade Livre de Estudos Culturais da Capoeira &#8211; Universidade da Capoeira &#8211; UNICAPOEIRA, Instituto de Educa\u00e7\u00e3o Socioambiental &#8211; IESAMBI, Associa\u00e7\u00e3o de Capoeira &#8211; ASCA e Grupo de Capoeira MEIA LUA &#8211; Fundado Ter\u00e7a-feira, 29 de Maio de 1962.<\/p>\n<p>Seja membro deste canal e ganhe benef\u00edcios:<br \/>\nhttps:\/\/www.youtube.com\/channel\/UCE6HrA5Y_VZ4-hgw8FG13aw\/join<\/p>\n","protected":false},"author":2,"featured_media":7815,"comment_status":"open","ping_status":"open","sticky":false,"template":"","format":"video","meta":{"footnotes":""},"categories":[4727],"tags":[1173,6588,2605,6585,43,6587,6589,6584,6586,6114,1742,3537,236,55,237,519,6579,6580,6483,411],"class_list":["post-7814","post","type-post","status-publish","format-video","has-post-thumbnail","hentry","category-musica","tag-11h53","tag-5-74-gb","tag-associacao-de-capoeira-asca","tag-bairro-salvaterra","tag-brasil","tag-condominio-residencial-vale-da-serra","tag-domingo-02-de-julho-de-2023","tag-faixa-de-gaia","tag-geraldo-vandre-domingos-teixeira-e-faustino-teixeira","tag-grupo-de-capoeira-meia-lua-fundado-terca-feira-29-de-maio-de-1962","tag-hd-1080p","tag-img_8728","tag-instituto-de-educacao-socioambiental-iesambi","tag-juiz-de-fora","tag-minas-gerais-mg-3","tag-registro-de-capoeira-mestre-polemico-professor-joao-couto-teixeira","tag-registro-de-estrela-dalva-artista-plastica-e-cineasta-salete-libardoni","tag-registro-de-henrique-couto-teixeira","tag-seja-membro-deste-canal-e-ganhe-beneficios-https-www-youtube-com-channel-uce6hra5y_vz4-hgw8fg13aw-join","tag-universidade-livre-de-estudos-culturais-da-capoeira-universidade-da-capoeira-unicapoeira","post_format-post-format-video"],"_links":{"self":[{"href":"https:\/\/universidadedacapoeira.com\/index.php\/wp-json\/wp\/v2\/posts\/7814","targetHints":{"allow":["GET"]}}],"collection":[{"href":"https:\/\/universidadedacapoeira.com\/index.php\/wp-json\/wp\/v2\/posts"}],"about":[{"href":"https:\/\/universidadedacapoeira.com\/index.php\/wp-json\/wp\/v2\/types\/post"}],"author":[{"embeddable":true,"href":"https:\/\/universidadedacapoeira.com\/index.php\/wp-json\/wp\/v2\/users\/2"}],"replies":[{"embeddable":true,"href":"https:\/\/universidadedacapoeira.com\/index.php\/wp-json\/wp\/v2\/comments?post=7814"}],"version-history":[{"count":1,"href":"https:\/\/universidadedacapoeira.com\/index.php\/wp-json\/wp\/v2\/posts\/7814\/revisions"}],"predecessor-version":[{"id":7816,"href":"https:\/\/universidadedacapoeira.com\/index.php\/wp-json\/wp\/v2\/posts\/7814\/revisions\/7816"}],"wp:featuredmedia":[{"embeddable":true,"href":"https:\/\/universidadedacapoeira.com\/index.php\/wp-json\/wp\/v2\/media\/7815"}],"wp:attachment":[{"href":"https:\/\/universidadedacapoeira.com\/index.php\/wp-json\/wp\/v2\/media?parent=7814"}],"wp:term":[{"taxonomy":"category","embeddable":true,"href":"https:\/\/universidadedacapoeira.com\/index.php\/wp-json\/wp\/v2\/categories?post=7814"},{"taxonomy":"post_tag","embeddable":true,"href":"https:\/\/universidadedacapoeira.com\/index.php\/wp-json\/wp\/v2\/tags?post=7814"}],"curies":[{"name":"wp","href":"https:\/\/api.w.org\/{rel}","templated":true}]}}