{"id":7751,"date":"2023-11-16T15:25:59","date_gmt":"2023-11-16T18:25:59","guid":{"rendered":"http:\/\/universidadedacapoeira.com\/?p=7751"},"modified":"2023-11-16T15:26:00","modified_gmt":"2023-11-16T18:26:00","slug":"berimbaus-mestrs-mandingueiro-laura-e-polemico-berimbau-agogo-e-pandeiro-tiguera-360-juiz-de-fora-img_8605-449-gb-20h31-12jun23","status":"publish","type":"post","link":"https:\/\/universidadedacapoeira.com\/index.php\/2023\/11\/16\/berimbaus-mestrs-mandingueiro-laura-e-polemico-berimbau-agogo-e-pandeiro-tiguera-360-juiz-de-fora-img_8605-449-gb-20h31-12jun23\/","title":{"rendered":"Berimbaus. Mestr@s Mandingueiro, Laura e Pol\u00eamico. Berimbau, Agog\u00f4 e Pandeiro. Tig\u00fc\u00e9ra 360, Juiz de Fora. IMG_8605. 4,49 GB. 20h31. 12Jun23."},"content":{"rendered":"\n<figure class=\"wp-block-embed is-type-video is-provider-youtube wp-block-embed-youtube wp-embed-aspect-16-9 wp-has-aspect-ratio\"><div class=\"wp-block-embed__wrapper\">\n<iframe loading=\"lazy\" title=\"UNICAPOEIRA na Escola MEIA LUA: Berimbau, Agog\u00f4, Pandeiro. Peter, Laura, Pol\u00eamico. IMG_8605. 12Jun23\" width=\"500\" height=\"281\" src=\"https:\/\/www.youtube.com\/embed\/AR6buG-sz4g?feature=oembed\" frameborder=\"0\" allow=\"accelerometer; autoplay; clipboard-write; encrypted-media; gyroscope; picture-in-picture; web-share\" referrerpolicy=\"strict-origin-when-cross-origin\" allowfullscreen><\/iframe>\n<\/div><\/figure>\n","protected":false},"excerpt":{"rendered":"<p>Orquestra Harm\u00f4nica de Berimbaus. Mestr@s Mandingueiro &#8211; Peter Faluhelyi, Laura Cavalieri Bisio e Pol\u00eamico. Berimbau, Agog\u00f4 e Pandeiro. Sala de Entrar, Tig\u00fc\u00e9ra 360, Juiz de Fora, Minas Gerais\/MG, Brasil. Registro de Capoeira Mestre Pol\u00eamico &#8211; Professor Jo\u00e3o Couto Teixeira. IMG_8605. 4,49 GB. 20h31. Segunda-feira, 12 de Junho de 2023. HD 1080p.<br \/>\nUniversidade Livre de Estudos Culturais da Capoeira &#8211; Universidade da Capoeira &#8211; UNICAPOEIRA, Instituto de Educa\u00e7\u00e3o Socioambiental &#8211; IESAMBI, Associa\u00e7\u00e3o de Capoeira &#8211; ASCA e Grupo de Capoeira MEIA LUA &#8211; Fundado Ter\u00e7a-feira, 29 de Maio de 1962.<\/p>\n<p>Seja membro deste canal e ganhe benef\u00edcios:<br \/>\nhttps:\/\/www.youtube.com\/channel\/UCE6HrA5Y_VZ4-hgw8FG13aw\/join<\/p>\n","protected":false},"author":2,"featured_media":7752,"comment_status":"open","ping_status":"open","sticky":false,"template":"","format":"video","meta":{"footnotes":""},"categories":[4676],"tags":[4360,3838,2605,6498,43,6114,1742,6500,236,55,6499,237,247,519,119,6501,6483,4320,411],"class_list":["post-7751","post","type-post","status-publish","format-video","has-post-thumbnail","hentry","category-orquestra-harmonica-de-berimbaus","tag-20h31","tag-4-49-gb","tag-associacao-de-capoeira-asca","tag-berimbau-agogo-e-pandeiro","tag-brasil","tag-grupo-de-capoeira-meia-lua-fundado-terca-feira-29-de-maio-de-1962","tag-hd-1080p","tag-img_8605","tag-instituto-de-educacao-socioambiental-iesambi","tag-juiz-de-fora","tag-mestrs-mandingueiro-peter-faluhelyi-laura-cavalieri-bisio-e-polemico","tag-minas-gerais-mg-3","tag-orquestra-harmonica-de-berimbaus","tag-registro-de-capoeira-mestre-polemico-professor-joao-couto-teixeira","tag-sala-de-entrar","tag-segunda-feira-12-de-junho-de-2023","tag-seja-membro-deste-canal-e-ganhe-beneficios-https-www-youtube-com-channel-uce6hra5y_vz4-hgw8fg13aw-join","tag-tiguera-360-2","tag-universidade-livre-de-estudos-culturais-da-capoeira-universidade-da-capoeira-unicapoeira","post_format-post-format-video"],"_links":{"self":[{"href":"https:\/\/universidadedacapoeira.com\/index.php\/wp-json\/wp\/v2\/posts\/7751","targetHints":{"allow":["GET"]}}],"collection":[{"href":"https:\/\/universidadedacapoeira.com\/index.php\/wp-json\/wp\/v2\/posts"}],"about":[{"href":"https:\/\/universidadedacapoeira.com\/index.php\/wp-json\/wp\/v2\/types\/post"}],"author":[{"embeddable":true,"href":"https:\/\/universidadedacapoeira.com\/index.php\/wp-json\/wp\/v2\/users\/2"}],"replies":[{"embeddable":true,"href":"https:\/\/universidadedacapoeira.com\/index.php\/wp-json\/wp\/v2\/comments?post=7751"}],"version-history":[{"count":1,"href":"https:\/\/universidadedacapoeira.com\/index.php\/wp-json\/wp\/v2\/posts\/7751\/revisions"}],"predecessor-version":[{"id":7753,"href":"https:\/\/universidadedacapoeira.com\/index.php\/wp-json\/wp\/v2\/posts\/7751\/revisions\/7753"}],"wp:featuredmedia":[{"embeddable":true,"href":"https:\/\/universidadedacapoeira.com\/index.php\/wp-json\/wp\/v2\/media\/7752"}],"wp:attachment":[{"href":"https:\/\/universidadedacapoeira.com\/index.php\/wp-json\/wp\/v2\/media?parent=7751"}],"wp:term":[{"taxonomy":"category","embeddable":true,"href":"https:\/\/universidadedacapoeira.com\/index.php\/wp-json\/wp\/v2\/categories?post=7751"},{"taxonomy":"post_tag","embeddable":true,"href":"https:\/\/universidadedacapoeira.com\/index.php\/wp-json\/wp\/v2\/tags?post=7751"}],"curies":[{"name":"wp","href":"https:\/\/api.w.org\/{rel}","templated":true}]}}