{"id":7644,"date":"2023-11-03T12:18:29","date_gmt":"2023-11-03T15:18:29","guid":{"rendered":"http:\/\/universidadedacapoeira.com\/?p=7644"},"modified":"2023-11-03T12:18:30","modified_gmt":"2023-11-03T15:18:30","slug":"celebracao-eucaristica-decimo-dia-da-trezena-a-nossa-senhora-de-fatima-padre-jose-domicio-ferreira-da-silva-ministras-extraordinarias-da-sagrada-comunhao-aparecida-alves-pereira-bul-la-e-maria-ang","status":"publish","type":"post","link":"https:\/\/universidadedacapoeira.com\/index.php\/2023\/11\/03\/celebracao-eucaristica-decimo-dia-da-trezena-a-nossa-senhora-de-fatima-padre-jose-domicio-ferreira-da-silva-ministras-extraordinarias-da-sagrada-comunhao-aparecida-alves-pereira-bul-la-e-maria-ang\/","title":{"rendered":"Celebra\u00e7\u00e3o Eucar\u00edstica &#8211; D\u00e9cimo Dia da Trezena a Nossa Senhora de F\u00e1tima. Padre Jos\u00e9 Dom\u00edcio Ferreira da Silva. Ministras Extraordin\u00e1rias da Sagrada Comunh\u00e3o Aparecida Alves Pereira Bul-la e Maria Ang\u00e9lica A. de Moraes Tavares. Leitura Nat\u00e1lia Regina Silva de Assis. Salmo 121 &#8211; Que Alegria Quando Ouvi que me Disseram, Vamos \u00e0 Casa do Senhor &#8211; Mestre Pol\u00eamico. Apostolado da Ora\u00e7\u00e3o. Igreja Nossa Senhora M\u00e3e de Deus, Juiz de Fora. IMG_8501. 7,49 GB. 19h30. 10Mai23."},"content":{"rendered":"\n<figure class=\"wp-block-embed is-type-video is-provider-youtube wp-block-embed-youtube wp-embed-aspect-16-9 wp-has-aspect-ratio\"><div class=\"wp-block-embed__wrapper\">\n<iframe loading=\"lazy\" title=\"Celebra\u00e7\u00e3o Eucar\u00edstica: Pe. Jos\u00e9 Dom\u00edcio. Igreja Nossa Sra. M\u00e3e de Deus. IMG_8501. 7,49 GB. 10Mai23\" width=\"500\" height=\"281\" src=\"https:\/\/www.youtube.com\/embed\/ySJKtoTTQFA?feature=oembed\" frameborder=\"0\" allow=\"accelerometer; autoplay; clipboard-write; encrypted-media; gyroscope; picture-in-picture; web-share\" referrerpolicy=\"strict-origin-when-cross-origin\" allowfullscreen><\/iframe>\n<\/div><\/figure>\n","protected":false},"excerpt":{"rendered":"<p>Celebra\u00e7\u00e3o Eucar\u00edstica &#8211; D\u00e9cimo Dia da Trezena a Nossa Senhora de F\u00e1tima. Padre Jos\u00e9 Dom\u00edcio Ferreira da Silva. Ministras Extraordin\u00e1rias da Sagrada Comunh\u00e3o Aparecida Alves Pereira Bul-la e Maria Ang\u00e9lica A. de Moraes Tavares. Leitura Nat\u00e1lia Regina Silva de Assis. Salmo 121 &#8211; Que Alegria Quando Ouvi que me Disseram, Vamos \u00e0 Casa do Senhor &#8211; Mestre Pol\u00eamico. Apostolado da Ora\u00e7\u00e3o. Igreja Nossa Senhora M\u00e3e de Deus, Bairro Nossa Senhora de Lourdes, Juiz de Fora, Minas Gerais\/MG, Brasil. Registro de Capoeira Mestre Pol\u00eamico &#8211; Professor Jo\u00e3o Couto Teixeira. IMG_8501. 7,49 GB. 19h30. Quarta-feira, 10 de Maio de 2023. HD 1080p.<br \/>\nUniversidade Livre de Estudos Culturais da Capoeira &#8211; Universidade da Capoeira &#8211; UNICAPOEIRA, Instituto de Educa\u00e7\u00e3o Socioambiental &#8211; IESAMBI, Associa\u00e7\u00e3o de Capoeira &#8211; ASCA e Grupo de Capoeira MEIA LUA &#8211; Fundado Ter\u00e7a-feira, 29 de Maio de 1962.<\/p>\n","protected":false},"author":2,"featured_media":7645,"comment_status":"open","ping_status":"open","sticky":false,"template":"","format":"video","meta":{"footnotes":""},"categories":[4674],"tags":[544,6363,4195,2605,942,43,6357,6114,1742,4196,6362,236,55,6360,237,6358,4945,6364,519,6361,411,6359],"class_list":["post-7644","post","type-post","status-publish","format-video","has-post-thumbnail","hentry","category-celebracao-eucaristica","tag-19h30","tag-7-49-gb","tag-apostolado-da-oracao","tag-associacao-de-capoeira-asca","tag-bairro-nossa-senhora-de-lourdes","tag-brasil","tag-celebracao-eucaristica-decimo-dia-da-trezena-a-nossa-senhora-de-fatima","tag-grupo-de-capoeira-meia-lua-fundado-terca-feira-29-de-maio-de-1962","tag-hd-1080p","tag-igreja-nossa-senhora-mae-de-deus","tag-img_8501","tag-instituto-de-educacao-socioambiental-iesambi","tag-juiz-de-fora","tag-leitura-natalia-regina-silva-de-assis","tag-minas-gerais-mg-3","tag-ministras-extraordinarias-da-sagrada-comunhao-aparecida-alves-pereira-bul-la-e-maria-angelica-a-de-moraes-tavares","tag-padre-jose-domicio-ferreira-da-silva","tag-quarta-feira-10-de-maio-de-2023","tag-registro-de-capoeira-mestre-polemico-professor-joao-couto-teixeira","tag-salmo-121-que-alegria-quando-ouvi-que-me-disseram","tag-universidade-livre-de-estudos-culturais-da-capoeira-universidade-da-capoeira-unicapoeira","tag-vamos-a-casa-do-senhor-mestre-polemico","post_format-post-format-video"],"_links":{"self":[{"href":"https:\/\/universidadedacapoeira.com\/index.php\/wp-json\/wp\/v2\/posts\/7644","targetHints":{"allow":["GET"]}}],"collection":[{"href":"https:\/\/universidadedacapoeira.com\/index.php\/wp-json\/wp\/v2\/posts"}],"about":[{"href":"https:\/\/universidadedacapoeira.com\/index.php\/wp-json\/wp\/v2\/types\/post"}],"author":[{"embeddable":true,"href":"https:\/\/universidadedacapoeira.com\/index.php\/wp-json\/wp\/v2\/users\/2"}],"replies":[{"embeddable":true,"href":"https:\/\/universidadedacapoeira.com\/index.php\/wp-json\/wp\/v2\/comments?post=7644"}],"version-history":[{"count":1,"href":"https:\/\/universidadedacapoeira.com\/index.php\/wp-json\/wp\/v2\/posts\/7644\/revisions"}],"predecessor-version":[{"id":7646,"href":"https:\/\/universidadedacapoeira.com\/index.php\/wp-json\/wp\/v2\/posts\/7644\/revisions\/7646"}],"wp:featuredmedia":[{"embeddable":true,"href":"https:\/\/universidadedacapoeira.com\/index.php\/wp-json\/wp\/v2\/media\/7645"}],"wp:attachment":[{"href":"https:\/\/universidadedacapoeira.com\/index.php\/wp-json\/wp\/v2\/media?parent=7644"}],"wp:term":[{"taxonomy":"category","embeddable":true,"href":"https:\/\/universidadedacapoeira.com\/index.php\/wp-json\/wp\/v2\/categories?post=7644"},{"taxonomy":"post_tag","embeddable":true,"href":"https:\/\/universidadedacapoeira.com\/index.php\/wp-json\/wp\/v2\/tags?post=7644"}],"curies":[{"name":"wp","href":"https:\/\/api.w.org\/{rel}","templated":true}]}}