{"id":7623,"date":"2023-11-02T17:50:48","date_gmt":"2023-11-02T20:50:48","guid":{"rendered":"http:\/\/universidadedacapoeira.com\/?p=7623"},"modified":"2023-11-02T17:50:48","modified_gmt":"2023-11-02T20:50:48","slug":"celebracao-eucaristica-quinto-dia-da-trezena-de-nossa-senhora-de-fatima-padre-joao-francisco-batista-da-silva-igreja-nossa-senhora-mae-de-deus-juiz-de-fora-img_8472-738-gb-19h30-05mai23","status":"publish","type":"post","link":"https:\/\/universidadedacapoeira.com\/index.php\/2023\/11\/02\/celebracao-eucaristica-quinto-dia-da-trezena-de-nossa-senhora-de-fatima-padre-joao-francisco-batista-da-silva-igreja-nossa-senhora-mae-de-deus-juiz-de-fora-img_8472-738-gb-19h30-05mai23\/","title":{"rendered":"Celebra\u00e7\u00e3o Eucar\u00edstica. Quinto dia da Trezena de Nossa Senhora de F\u00e1tima. Padre Jo\u00e3o Francisco Batista da Silva. Igreja Nossa Senhora M\u00e3e de Deus, Juiz de Fora. IMG_8472. 7,38 GB. 19h30. 05Mai23."},"content":{"rendered":"\n<figure class=\"wp-block-embed is-type-video is-provider-youtube wp-block-embed-youtube wp-embed-aspect-16-9 wp-has-aspect-ratio\"><div class=\"wp-block-embed__wrapper\">\n<iframe loading=\"lazy\" title=\"Celebra\u00e7\u00e3o Eucar\u00edstica: Pe. Jo\u00e3o Francisco. Igreja Nossa Sra. M\u00e3e de Deus. IMG_8472\/7,38 GB. 05Mai23\" width=\"500\" height=\"281\" src=\"https:\/\/www.youtube.com\/embed\/WGWGeWV0WyM?feature=oembed\" frameborder=\"0\" allow=\"accelerometer; autoplay; clipboard-write; encrypted-media; gyroscope; picture-in-picture; web-share\" referrerpolicy=\"strict-origin-when-cross-origin\" allowfullscreen><\/iframe>\n<\/div><\/figure>\n","protected":false},"excerpt":{"rendered":"<p>Celebra\u00e7\u00e3o Eucar\u00edstica. Quinto dia da Trezena de Nossa Senhora de F\u00e1tima. Padre Jo\u00e3o Francisco Batista da Silva. Igreja Nossa Senhora M\u00e3e de Deus, Bairro Nossa Senhora de Lourdes, Juiz de Fora, Minas Gerais\/MG, Brasil. Registro de Capoeira Mestre Pol\u00eamico &#8211; Professor Jo\u00e3o Couto Teixeira. IMG_8472. 7,38 GB. 19h30. Sexta-feira, 05 de Maio de 2023. HD 1080p.<br \/>\nUniversidade Livre de Estudos Culturais da Capoeira &#8211; Universidade da Capoeira &#8211; UNICAPOEIRA, Instituto de Educa\u00e7\u00e3o Socioambiental &#8211; IESAMBI, Associa\u00e7\u00e3o de Capoeira &#8211; ASCA e Grupo de Capoeira MEIA LUA &#8211; Fundado Ter\u00e7a-feira, 29 de Maio de 1962.<\/p>\n","protected":false},"author":2,"featured_media":7624,"comment_status":"open","ping_status":"open","sticky":false,"template":"","format":"video","meta":{"footnotes":""},"categories":[4674],"tags":[544,6325,2605,942,43,1010,6114,1742,4196,6326,236,55,237,940,6324,519,6323,411],"class_list":["post-7623","post","type-post","status-publish","format-video","has-post-thumbnail","hentry","category-celebracao-eucaristica","tag-19h30","tag-7-38-gb","tag-associacao-de-capoeira-asca","tag-bairro-nossa-senhora-de-lourdes","tag-brasil","tag-celebracao-eucaristica","tag-grupo-de-capoeira-meia-lua-fundado-terca-feira-29-de-maio-de-1962","tag-hd-1080p","tag-igreja-nossa-senhora-mae-de-deus","tag-img_8472","tag-instituto-de-educacao-socioambiental-iesambi","tag-juiz-de-fora","tag-minas-gerais-mg-3","tag-padre-joao-francisco-batista-da-silva","tag-quinto-dia-da-trezena-de-nossa-senhora-de-fatima","tag-registro-de-capoeira-mestre-polemico-professor-joao-couto-teixeira","tag-sexta-feira-05-de-maio-de-2023","tag-universidade-livre-de-estudos-culturais-da-capoeira-universidade-da-capoeira-unicapoeira","post_format-post-format-video"],"_links":{"self":[{"href":"https:\/\/universidadedacapoeira.com\/index.php\/wp-json\/wp\/v2\/posts\/7623","targetHints":{"allow":["GET"]}}],"collection":[{"href":"https:\/\/universidadedacapoeira.com\/index.php\/wp-json\/wp\/v2\/posts"}],"about":[{"href":"https:\/\/universidadedacapoeira.com\/index.php\/wp-json\/wp\/v2\/types\/post"}],"author":[{"embeddable":true,"href":"https:\/\/universidadedacapoeira.com\/index.php\/wp-json\/wp\/v2\/users\/2"}],"replies":[{"embeddable":true,"href":"https:\/\/universidadedacapoeira.com\/index.php\/wp-json\/wp\/v2\/comments?post=7623"}],"version-history":[{"count":1,"href":"https:\/\/universidadedacapoeira.com\/index.php\/wp-json\/wp\/v2\/posts\/7623\/revisions"}],"predecessor-version":[{"id":7625,"href":"https:\/\/universidadedacapoeira.com\/index.php\/wp-json\/wp\/v2\/posts\/7623\/revisions\/7625"}],"wp:featuredmedia":[{"embeddable":true,"href":"https:\/\/universidadedacapoeira.com\/index.php\/wp-json\/wp\/v2\/media\/7624"}],"wp:attachment":[{"href":"https:\/\/universidadedacapoeira.com\/index.php\/wp-json\/wp\/v2\/media?parent=7623"}],"wp:term":[{"taxonomy":"category","embeddable":true,"href":"https:\/\/universidadedacapoeira.com\/index.php\/wp-json\/wp\/v2\/categories?post=7623"},{"taxonomy":"post_tag","embeddable":true,"href":"https:\/\/universidadedacapoeira.com\/index.php\/wp-json\/wp\/v2\/tags?post=7623"}],"curies":[{"name":"wp","href":"https:\/\/api.w.org\/{rel}","templated":true}]}}