{"id":7617,"date":"2023-11-02T17:17:43","date_gmt":"2023-11-02T20:17:43","guid":{"rendered":"http:\/\/universidadedacapoeira.com\/?p=7617"},"modified":"2023-11-02T17:17:44","modified_gmt":"2023-11-02T20:17:44","slug":"orquestra-harmonica-de-berimbaus-solo-de-mestre-polemico-bella-maria-isabel-melotti-xible-e-mandingueiro-peter-faluhelyi-tiguera-360-juiz-de-fora-img_8432-279-gb-20h30-01mai23","status":"publish","type":"post","link":"https:\/\/universidadedacapoeira.com\/index.php\/2023\/11\/02\/orquestra-harmonica-de-berimbaus-solo-de-mestre-polemico-bella-maria-isabel-melotti-xible-e-mandingueiro-peter-faluhelyi-tiguera-360-juiz-de-fora-img_8432-279-gb-20h30-01mai23\/","title":{"rendered":"Orquestra Harm\u00f4nica de Berimbaus. Solo de Mestre Pol\u00eamico. Bella &#8211; Maria Isabel Melotti Xible e Mandingueiro &#8211; Peter Faluhelyi. Tig\u00fc\u00e9ra 360, Juiz de Fora. IMG_8432. 2,79 GB. 20h30. 01Mai23."},"content":{"rendered":"\n<figure class=\"wp-block-embed is-type-video is-provider-youtube wp-block-embed-youtube wp-embed-aspect-16-9 wp-has-aspect-ratio\"><div class=\"wp-block-embed__wrapper\">\n<iframe loading=\"lazy\" title=\"UNICAPOEIRA MEIA LUA: Berimbau Solo. Mestre Pol\u00eamico. Bella, Mandingueiro. Tig\u00fc\u00e9ra. IMG_8432\/01Mai23\" width=\"500\" height=\"281\" src=\"https:\/\/www.youtube.com\/embed\/58ngRkfI9EE?feature=oembed\" frameborder=\"0\" allow=\"accelerometer; autoplay; clipboard-write; encrypted-media; gyroscope; picture-in-picture; web-share\" referrerpolicy=\"strict-origin-when-cross-origin\" allowfullscreen><\/iframe>\n<\/div><\/figure>\n","protected":false},"excerpt":{"rendered":"<p>Orquestra Harm\u00f4nica de Berimbaus. Solo de Mestre Pol\u00eamico. Bella &#8211; Maria Isabel Melotti Xible e Mandingueiro &#8211; Peter Faluhelyi. Sala de Entrar, Tig\u00fc\u00e9ra 360, Juiz de Fora, Minas Gerais\/MG, Brasil. Registro de Capoeira Mestre Pol\u00eamico &#8211; Professor Jo\u00e3o Couto Teixeira. IMG_8432. 2,79 GB. 20h30. Segunda-feira, 01 de Maio de 2023. HD 1080p.<br \/>\nUniversidade Livre de Estudos Culturais da Capoeira &#8211; Universidade da Capoeira &#8211; UNICAPOEIRA, Instituto de Educa\u00e7\u00e3o Socioambiental &#8211; IESAMBI, Associa\u00e7\u00e3o de Capoeira &#8211; ASCA e Grupo de Capoeira MEIA LUA &#8211; Fundado Ter\u00e7a-feira, 29 de Maio de 1962.<\/p>\n","protected":false},"author":2,"featured_media":7618,"comment_status":"open","ping_status":"open","sticky":false,"template":"","format":"video","meta":{"footnotes":""},"categories":[4676],"tags":[6318,6182,2605,43,3076,5705,6114,1742,6317,236,55,237,247,519,119,6319,6316,4320,411],"class_list":["post-7617","post","type-post","status-publish","format-video","has-post-thumbnail","hentry","category-orquestra-harmonica-de-berimbaus","tag-2-79-gb","tag-20h30","tag-associacao-de-capoeira-asca","tag-brasil","tag-capoeira-mestre-bella-maria-isabel-melotti-xible","tag-capoeira-mestre-mandingueiro-peter-faluhelyi","tag-grupo-de-capoeira-meia-lua-fundado-terca-feira-29-de-maio-de-1962","tag-hd-1080p","tag-img_8432","tag-instituto-de-educacao-socioambiental-iesambi","tag-juiz-de-fora","tag-minas-gerais-mg-3","tag-orquestra-harmonica-de-berimbaus","tag-registro-de-capoeira-mestre-polemico-professor-joao-couto-teixeira","tag-sala-de-entrar","tag-segunda-feira-01-de-maio-de-2023","tag-solo-de-mestre-polemico","tag-tiguera-360-2","tag-universidade-livre-de-estudos-culturais-da-capoeira-universidade-da-capoeira-unicapoeira","post_format-post-format-video"],"_links":{"self":[{"href":"https:\/\/universidadedacapoeira.com\/index.php\/wp-json\/wp\/v2\/posts\/7617","targetHints":{"allow":["GET"]}}],"collection":[{"href":"https:\/\/universidadedacapoeira.com\/index.php\/wp-json\/wp\/v2\/posts"}],"about":[{"href":"https:\/\/universidadedacapoeira.com\/index.php\/wp-json\/wp\/v2\/types\/post"}],"author":[{"embeddable":true,"href":"https:\/\/universidadedacapoeira.com\/index.php\/wp-json\/wp\/v2\/users\/2"}],"replies":[{"embeddable":true,"href":"https:\/\/universidadedacapoeira.com\/index.php\/wp-json\/wp\/v2\/comments?post=7617"}],"version-history":[{"count":1,"href":"https:\/\/universidadedacapoeira.com\/index.php\/wp-json\/wp\/v2\/posts\/7617\/revisions"}],"predecessor-version":[{"id":7619,"href":"https:\/\/universidadedacapoeira.com\/index.php\/wp-json\/wp\/v2\/posts\/7617\/revisions\/7619"}],"wp:featuredmedia":[{"embeddable":true,"href":"https:\/\/universidadedacapoeira.com\/index.php\/wp-json\/wp\/v2\/media\/7618"}],"wp:attachment":[{"href":"https:\/\/universidadedacapoeira.com\/index.php\/wp-json\/wp\/v2\/media?parent=7617"}],"wp:term":[{"taxonomy":"category","embeddable":true,"href":"https:\/\/universidadedacapoeira.com\/index.php\/wp-json\/wp\/v2\/categories?post=7617"},{"taxonomy":"post_tag","embeddable":true,"href":"https:\/\/universidadedacapoeira.com\/index.php\/wp-json\/wp\/v2\/tags?post=7617"}],"curies":[{"name":"wp","href":"https:\/\/api.w.org\/{rel}","templated":true}]}}