{"id":7529,"date":"2023-10-28T09:57:38","date_gmt":"2023-10-28T12:57:38","guid":{"rendered":"http:\/\/universidadedacapoeira.com\/?p=7529"},"modified":"2023-10-28T09:57:38","modified_gmt":"2023-10-28T12:57:38","slug":"um-dia-com-maria-terco-consagracao-a-nossa-senhora-catequese-mariana-cafe-com-maria-louvor-com-os-jovens-meditacao-quaresmal-adoracao-bencao-do-santissimo-conducao-padre-joao-francisco-batist","status":"publish","type":"post","link":"https:\/\/universidadedacapoeira.com\/index.php\/2023\/10\/28\/um-dia-com-maria-terco-consagracao-a-nossa-senhora-catequese-mariana-cafe-com-maria-louvor-com-os-jovens-meditacao-quaresmal-adoracao-bencao-do-santissimo-conducao-padre-joao-francisco-batist\/","title":{"rendered":"Um Dia com Maria: Ter\u00e7o, Consagra\u00e7\u00e3o a Nossa Senhora, Catequese Mariana, Caf\u00e9 com Maria, Louvor com os Jovens, Medita\u00e7\u00e3o Quaresmal, Adora\u00e7\u00e3o, B\u00ean\u00e7\u00e3o do Sant\u00edssimo. Condu\u00e7\u00e3o Padre Jo\u00e3o Francisco Batista daSilva. Igreja Nossa Senhora M\u00e3e de Deus, Juiz de Fora. IMG_8235\/6. 15,57 GB. 14,24\/16h50. 26Mar23."},"content":{"rendered":"\n<figure class=\"wp-block-embed is-type-video is-provider-youtube wp-block-embed-youtube wp-embed-aspect-16-9 wp-has-aspect-ratio\"><div class=\"wp-block-embed__wrapper\">\n<iframe loading=\"lazy\" title=\"Um Dia com Maria: Padre Jo\u00e3o Francisco Batista da Silva. Juiz de Fora. IMG_8235. 15,57 GB. 26Mar23\" width=\"500\" height=\"281\" src=\"https:\/\/www.youtube.com\/embed\/fr4nPYCKnb4?feature=oembed\" frameborder=\"0\" allow=\"accelerometer; autoplay; clipboard-write; encrypted-media; gyroscope; picture-in-picture; web-share\" referrerpolicy=\"strict-origin-when-cross-origin\" allowfullscreen><\/iframe>\n<\/div><\/figure>\n","protected":false},"excerpt":{"rendered":"<p>Um Dia com Maria: Ter\u00e7o, Consagra\u00e7\u00e3o a Nossa Senhora, Catequese Mariana, Caf\u00e9 com Maria, Louvor com os Jovens, Medita\u00e7\u00e3o Quaresmal, Adora\u00e7\u00e3o, B\u00ean\u00e7\u00e3o do Sant\u00edssimo. Condu\u00e7\u00e3o Padre Jo\u00e3o Francisco Batista daSilva. Igreja Nossa Senhora M\u00e3e de Deus, Bairro Nossa Senhora de Lourdes, Juiz de Fora, Minas Gerais\/MG, Brasil. Registro de Capoeira Mestre Pol\u00eamico &#8211; Professor Jo\u00e3o Couto Teixeira. IMG_8235\/6. 15,57 GB. 14,24\/16h50. Domingo, 26 de Mar\u00e7o de 2023. HD 1080p.<br \/>\nUniversidade Livre de Estudos Culturais da Capoeira &#8211; Universidade da Capoeira &#8211; UNICAPOEIRA, Instituto de Educa\u00e7\u00e3o Socioambiental &#8211; IESAMBI, Associa\u00e7\u00e3o de Capoeira &#8211; ASCA e Grupo de Capoeira MEIA LUA &#8211; Fundado Ter\u00e7a-feira, 29 de Maio de 1962.<\/p>\n","protected":false},"author":2,"featured_media":7530,"comment_status":"open","ping_status":"open","sticky":false,"template":"","format":"video","meta":{"footnotes":""},"categories":[4674],"tags":[337,6174,6175,6171,2605,942,6170,43,6165,6166,6172,6164,6163,6114,1742,4196,6173,236,55,6167,6169,237,519,1044,6168,411],"class_list":["post-7529","post","type-post","status-publish","format-video","has-post-thumbnail","hentry","category-celebracao-eucaristica","tag-337","tag-15-57-gb","tag-24-16h50","tag-adoracao","tag-associacao-de-capoeira-asca","tag-bairro-nossa-senhora-de-lourdes","tag-bencao-do-santissimo","tag-brasil","tag-cafe-com-maria","tag-catequese-mariana","tag-conducao-padre-joao-francisco-batista-dasilva","tag-consagracao-a-nossa-senhora","tag-domingo-26-de-marco-de-2023","tag-grupo-de-capoeira-meia-lua-fundado-terca-feira-29-de-maio-de-1962","tag-hd-1080p","tag-igreja-nossa-senhora-mae-de-deus","tag-img_8235-6","tag-instituto-de-educacao-socioambiental-iesambi","tag-juiz-de-fora","tag-louvor-com-os-jovens","tag-meditacao-quaresmal","tag-minas-gerais-mg-3","tag-registro-de-capoeira-mestre-polemico-professor-joao-couto-teixeira","tag-terco","tag-um-dia-com-maria","tag-universidade-livre-de-estudos-culturais-da-capoeira-universidade-da-capoeira-unicapoeira","post_format-post-format-video"],"_links":{"self":[{"href":"https:\/\/universidadedacapoeira.com\/index.php\/wp-json\/wp\/v2\/posts\/7529","targetHints":{"allow":["GET"]}}],"collection":[{"href":"https:\/\/universidadedacapoeira.com\/index.php\/wp-json\/wp\/v2\/posts"}],"about":[{"href":"https:\/\/universidadedacapoeira.com\/index.php\/wp-json\/wp\/v2\/types\/post"}],"author":[{"embeddable":true,"href":"https:\/\/universidadedacapoeira.com\/index.php\/wp-json\/wp\/v2\/users\/2"}],"replies":[{"embeddable":true,"href":"https:\/\/universidadedacapoeira.com\/index.php\/wp-json\/wp\/v2\/comments?post=7529"}],"version-history":[{"count":1,"href":"https:\/\/universidadedacapoeira.com\/index.php\/wp-json\/wp\/v2\/posts\/7529\/revisions"}],"predecessor-version":[{"id":7531,"href":"https:\/\/universidadedacapoeira.com\/index.php\/wp-json\/wp\/v2\/posts\/7529\/revisions\/7531"}],"wp:featuredmedia":[{"embeddable":true,"href":"https:\/\/universidadedacapoeira.com\/index.php\/wp-json\/wp\/v2\/media\/7530"}],"wp:attachment":[{"href":"https:\/\/universidadedacapoeira.com\/index.php\/wp-json\/wp\/v2\/media?parent=7529"}],"wp:term":[{"taxonomy":"category","embeddable":true,"href":"https:\/\/universidadedacapoeira.com\/index.php\/wp-json\/wp\/v2\/categories?post=7529"},{"taxonomy":"post_tag","embeddable":true,"href":"https:\/\/universidadedacapoeira.com\/index.php\/wp-json\/wp\/v2\/tags?post=7529"}],"curies":[{"name":"wp","href":"https:\/\/api.w.org\/{rel}","templated":true}]}}