{"id":7446,"date":"2023-10-05T08:50:35","date_gmt":"2023-10-05T11:50:35","guid":{"rendered":"http:\/\/universidadedacapoeira.com\/?p=7446"},"modified":"2023-10-05T08:50:36","modified_gmt":"2023-10-05T11:50:36","slug":"orquestra-harmonica-de-berimbaus-toques-dobrados-de-amazonas-angola-banguela-cavalaria-santa-maria-e-outros-bella-maria-isabel-melotti-xible-e-mandingueiro-peter-faluhelyi-tiguera-360-juiz","status":"publish","type":"post","link":"https:\/\/universidadedacapoeira.com\/index.php\/2023\/10\/05\/orquestra-harmonica-de-berimbaus-toques-dobrados-de-amazonas-angola-banguela-cavalaria-santa-maria-e-outros-bella-maria-isabel-melotti-xible-e-mandingueiro-peter-faluhelyi-tiguera-360-juiz\/","title":{"rendered":"Orquestra Harm\u00f4nica de Berimbaus. Toques Dobrados de Amazonas, Angola, Banguela, Cavalaria, Santa Maria e Outros. Bella &#8211; Maria Isabel Melotti Xible e Mandingueiro &#8211; Peter Faluhelyi. Tig\u00fc\u00e9ra 360, Juiz de Fora. IMG_7980. 3,3 GB. 19h30. 27Fev23."},"content":{"rendered":"\n<figure class=\"wp-block-embed is-type-video is-provider-youtube wp-block-embed-youtube wp-embed-aspect-16-9 wp-has-aspect-ratio\"><div class=\"wp-block-embed__wrapper\">\n<iframe loading=\"lazy\" title=\"Berimbaus: Orquestra. Toques Dobrados Ensinados no Grupo MEIA LUA. Bella e Peter. IMG_7980. 27Fev23\" width=\"500\" height=\"281\" src=\"https:\/\/www.youtube.com\/embed\/BT6mCdlCxSg?feature=oembed\" frameborder=\"0\" allow=\"accelerometer; autoplay; clipboard-write; encrypted-media; gyroscope; picture-in-picture; web-share\" referrerpolicy=\"strict-origin-when-cross-origin\" allowfullscreen><\/iframe>\n<\/div><\/figure>\n","protected":false},"excerpt":{"rendered":"<p>Orquestra Harm\u00f4nica de Berimbaus. Toques Dobrados de Amazonas, Angola, Banguela, Cavalaria, Santa Maria e Outros, Segundo Ensinamentos do Mestre Marco Aur\u00e9lio de Moraes Barros, Adaptado por Mestre Pol\u00eamico. Bella &#8211; Maria Isabel Melotti Xible e Mandingueiro &#8211; Peter Faluhelyi. Sala de Entrar, Tig\u00fc\u00e9ra 360, Juiz de Fora, Minas Gerais\/MG, Brasil. Registro de Capoeira Mestre Pol\u00eamico &#8211; Professor Jo\u00e3o Couto Teixeira. IMG_7980. 3,3 GB. 19h30. Segunda-feira, 27 de Fevereiro de 2023. HD 1080p.<br \/>\nUniversidade Livre de Estudos Culturais da Capoeira &#8211; Universidade da Capoeira &#8211; UNICAPOEIRA, Instituto de Educa\u00e7\u00e3o Socioambiental &#8211; IESAMBI, Associa\u00e7\u00e3o de Capoeira &#8211; ASCA e Grupo de Capoeira MEIA LUA &#8211; Fundado na Ter\u00e7a-feira, 29 de Maio de 1962.<\/p>\n","protected":false},"author":2,"featured_media":7447,"comment_status":"open","ping_status":"open","sticky":false,"template":"","format":"video","meta":{"footnotes":""},"categories":[4676],"tags":[544,780,5926,2505,2605,2913,1758,43,2914,5828,1742,6028,236,55,5781,237,247,519,119,6026,6029,5890,4320,6027,411],"class_list":["post-7446","post","type-post","status-publish","format-video","has-post-thumbnail","hentry","category-orquestra-harmonica-de-berimbaus","tag-19h30","tag-3-3-gb","tag-adaptado-por-mestre-polemico","tag-angola","tag-associacao-de-capoeira-asca","tag-banguela","tag-bella-maria-isabel-melotti-xible","tag-brasil","tag-cavalaria","tag-grupo-de-capoeira-meia-lua-fundado-na-terca-feira-29-de-maio-de-1962","tag-hd-1080p","tag-img_7980","tag-instituto-de-educacao-socioambiental-iesambi","tag-juiz-de-fora","tag-mandingueiro-peter-faluhelyi","tag-minas-gerais-mg-3","tag-orquestra-harmonica-de-berimbaus","tag-registro-de-capoeira-mestre-polemico-professor-joao-couto-teixeira","tag-sala-de-entrar","tag-santa-maria-e-outros","tag-segunda-feira-27-de-fevereiro-de-2023","tag-segundo-ensinamentos-do-mestre-marco-aurelio-de-moraes-barros","tag-tiguera-360-2","tag-toques-dobrados-de-amazonas","tag-universidade-livre-de-estudos-culturais-da-capoeira-universidade-da-capoeira-unicapoeira","post_format-post-format-video"],"_links":{"self":[{"href":"https:\/\/universidadedacapoeira.com\/index.php\/wp-json\/wp\/v2\/posts\/7446","targetHints":{"allow":["GET"]}}],"collection":[{"href":"https:\/\/universidadedacapoeira.com\/index.php\/wp-json\/wp\/v2\/posts"}],"about":[{"href":"https:\/\/universidadedacapoeira.com\/index.php\/wp-json\/wp\/v2\/types\/post"}],"author":[{"embeddable":true,"href":"https:\/\/universidadedacapoeira.com\/index.php\/wp-json\/wp\/v2\/users\/2"}],"replies":[{"embeddable":true,"href":"https:\/\/universidadedacapoeira.com\/index.php\/wp-json\/wp\/v2\/comments?post=7446"}],"version-history":[{"count":1,"href":"https:\/\/universidadedacapoeira.com\/index.php\/wp-json\/wp\/v2\/posts\/7446\/revisions"}],"predecessor-version":[{"id":7448,"href":"https:\/\/universidadedacapoeira.com\/index.php\/wp-json\/wp\/v2\/posts\/7446\/revisions\/7448"}],"wp:featuredmedia":[{"embeddable":true,"href":"https:\/\/universidadedacapoeira.com\/index.php\/wp-json\/wp\/v2\/media\/7447"}],"wp:attachment":[{"href":"https:\/\/universidadedacapoeira.com\/index.php\/wp-json\/wp\/v2\/media?parent=7446"}],"wp:term":[{"taxonomy":"category","embeddable":true,"href":"https:\/\/universidadedacapoeira.com\/index.php\/wp-json\/wp\/v2\/categories?post=7446"},{"taxonomy":"post_tag","embeddable":true,"href":"https:\/\/universidadedacapoeira.com\/index.php\/wp-json\/wp\/v2\/tags?post=7446"}],"curies":[{"name":"wp","href":"https:\/\/api.w.org\/{rel}","templated":true}]}}