{"id":7381,"date":"2023-09-18T12:30:07","date_gmt":"2023-09-18T15:30:07","guid":{"rendered":"http:\/\/universidadedacapoeira.com\/?p=7381"},"modified":"2023-09-18T12:30:08","modified_gmt":"2023-09-18T15:30:08","slug":"unicapoeira-iesambi-asca-e-meia-lua-mestre-polemico-professor-joao-couto-teixeira-discentes-maria-fernanda-inacio-alves-pereira-e-enzo-carvalho-costa-salimena-instituto-vianna-junior-juiz-de-f","status":"publish","type":"post","link":"https:\/\/universidadedacapoeira.com\/index.php\/2023\/09\/18\/unicapoeira-iesambi-asca-e-meia-lua-mestre-polemico-professor-joao-couto-teixeira-discentes-maria-fernanda-inacio-alves-pereira-e-enzo-carvalho-costa-salimena-instituto-vianna-junior-juiz-de-f\/","title":{"rendered":"UNICAPOEIRA, IESAMBI, ASCA e MEIA LUA. Mestre Pol\u00eamico &#8211; Professor Jo\u00e3o Couto Teixeira. Discentes Maria Fernanda In\u00e1cio Alves Pereira e Enzo Carvalho Costa Salimena. Instituto Vianna J\u00fanior, Juiz de Fora. IMG_7879. 7,42 GB. 18h11. 07Fev22."},"content":{"rendered":"\n<figure class=\"wp-block-embed is-type-video is-provider-youtube wp-block-embed-youtube wp-embed-aspect-16-9 wp-has-aspect-ratio\"><div class=\"wp-block-embed__wrapper\">\n<iframe loading=\"lazy\" title=\"UNICAPOEIRA na Escola MEIA LUA: Instituto Vianna J\u00fanior. Ms Pol\u00eamico. Maria, Enzo. 7,42 GB..07Fev22\" width=\"500\" height=\"281\" src=\"https:\/\/www.youtube.com\/embed\/240v7N7GzYE?feature=oembed\" frameborder=\"0\" allow=\"accelerometer; autoplay; clipboard-write; encrypted-media; gyroscope; picture-in-picture; web-share\" referrerpolicy=\"strict-origin-when-cross-origin\" allowfullscreen><\/iframe>\n<\/div><\/figure>\n","protected":false},"excerpt":{"rendered":"<p>Universidade Livre de Estudos Culturais da Capoeira &#8211; Universidade da Capoeira &#8211; UNICAPOEIRA, Instituto de Educa\u00e7\u00e3o Socioambiental &#8211; IESAMBI, Associa\u00e7\u00e3o de Capoeira &#8211; ASCA e Grupo de Capoeira MEIA LUA na Escola &#8211; Fundado na Ter\u00e7a-feira, 29 de Maio de 1962. Mestre Pol\u00eamico &#8211; Professor Jo\u00e3o Couto Teixeira. Discentes Maria Fernanda In\u00e1cio Alves Pereira e Enzo Carvalho Costa Salimena. Instituto Vianna J\u00fanior, Avenida dos Andradas, N\u00famero 415, Bairro Jardim Gl\u00f3ria, Juiz de Fora, Minas Gerais\/MG, Brasil. Registro de Capoeira Mestre Pol\u00eamico &#8211; Professor Jo\u00e3o Couto Teixeira. IMG_7879. 7,42 GB. 18h11. Ter\u00e7a-feira, 07 de Fevereiro de 2022. HD 1080p.<\/p>\n","protected":false},"author":2,"featured_media":7382,"comment_status":"open","ping_status":"open","sticky":false,"template":"","format":"video","meta":{"footnotes":""},"categories":[4677],"tags":[1226,5897,2605,4242,4244,43,4241,5895,5894,1742,5896,236,4137,55,838,237,4243,519,5898,411],"class_list":["post-7381","post","type-post","status-publish","format-video","has-post-thumbnail","hentry","category-grupo-de-capoeira-meia-lua","tag-18h11","tag-7-42-gb","tag-associacao-de-capoeira-asca","tag-avenida-dos-andradas","tag-bairro-jardim-gloria","tag-brasil","tag-discente-enzo-carvalho-costa-salimena","tag-discente-maria-fernanda-inacio-alves-pereira","tag-grupo-de-capoeira-meia-lua-na-escola-fundado-na-terca-feira-29-de-maio-de-1962","tag-hd-1080p","tag-img_7879","tag-instituto-de-educacao-socioambiental-iesambi","tag-instituto-vianna-junior","tag-juiz-de-fora","tag-mestre-polemico-professor-joao-couto-teixeira","tag-minas-gerais-mg-3","tag-numero-415","tag-registro-de-capoeira-mestre-polemico-professor-joao-couto-teixeira","tag-terca-feira-07-de-fevereiro-de-2022","tag-universidade-livre-de-estudos-culturais-da-capoeira-universidade-da-capoeira-unicapoeira","post_format-post-format-video"],"_links":{"self":[{"href":"https:\/\/universidadedacapoeira.com\/index.php\/wp-json\/wp\/v2\/posts\/7381","targetHints":{"allow":["GET"]}}],"collection":[{"href":"https:\/\/universidadedacapoeira.com\/index.php\/wp-json\/wp\/v2\/posts"}],"about":[{"href":"https:\/\/universidadedacapoeira.com\/index.php\/wp-json\/wp\/v2\/types\/post"}],"author":[{"embeddable":true,"href":"https:\/\/universidadedacapoeira.com\/index.php\/wp-json\/wp\/v2\/users\/2"}],"replies":[{"embeddable":true,"href":"https:\/\/universidadedacapoeira.com\/index.php\/wp-json\/wp\/v2\/comments?post=7381"}],"version-history":[{"count":1,"href":"https:\/\/universidadedacapoeira.com\/index.php\/wp-json\/wp\/v2\/posts\/7381\/revisions"}],"predecessor-version":[{"id":7383,"href":"https:\/\/universidadedacapoeira.com\/index.php\/wp-json\/wp\/v2\/posts\/7381\/revisions\/7383"}],"wp:featuredmedia":[{"embeddable":true,"href":"https:\/\/universidadedacapoeira.com\/index.php\/wp-json\/wp\/v2\/media\/7382"}],"wp:attachment":[{"href":"https:\/\/universidadedacapoeira.com\/index.php\/wp-json\/wp\/v2\/media?parent=7381"}],"wp:term":[{"taxonomy":"category","embeddable":true,"href":"https:\/\/universidadedacapoeira.com\/index.php\/wp-json\/wp\/v2\/categories?post=7381"},{"taxonomy":"post_tag","embeddable":true,"href":"https:\/\/universidadedacapoeira.com\/index.php\/wp-json\/wp\/v2\/tags?post=7381"}],"curies":[{"name":"wp","href":"https:\/\/api.w.org\/{rel}","templated":true}]}}