{"id":7354,"date":"2023-09-18T07:49:10","date_gmt":"2023-09-18T10:49:10","guid":{"rendered":"http:\/\/universidadedacapoeira.com\/?p=7354"},"modified":"2023-09-18T07:49:11","modified_gmt":"2023-09-18T10:49:11","slug":"unicapoeira-iesambi-asca-e-meia-lua-orquestra-harmonica-de-berimbaus-toques-dobrados-angola-banguela-e-cavalaria-mandingueiro-e-bella-tiguera-360-juiz-de-fora-img_7840-264-gb-20h32-30jan","status":"publish","type":"post","link":"https:\/\/universidadedacapoeira.com\/index.php\/2023\/09\/18\/unicapoeira-iesambi-asca-e-meia-lua-orquestra-harmonica-de-berimbaus-toques-dobrados-angola-banguela-e-cavalaria-mandingueiro-e-bella-tiguera-360-juiz-de-fora-img_7840-264-gb-20h32-30jan\/","title":{"rendered":"UNICAPOEIRA, IESAMBI, ASCA e MEIA LUA. Orquestra Harm\u00f4nica de Berimbaus. Toques Dobrados: Angola, Banguela e Cavalaria. Mandingueiro e Bella. Tig\u00fc\u00e9ra 360, Juiz de Fora. IMG_7840. 2,64 GB. 20h32. 30Jan23."},"content":{"rendered":"\n<figure class=\"wp-block-embed is-type-video is-provider-youtube wp-block-embed-youtube wp-embed-aspect-16-9 wp-has-aspect-ratio\"><div class=\"wp-block-embed__wrapper\">\n<iframe loading=\"lazy\" title=\"UNICAPOEIRA MEIA LUA: Berimbaus - Toques Dobrados. Peter, Bela. Tig\u00fc\u00e9ra. IMG_7840. 2,64 GB. 30Jan23\" width=\"500\" height=\"281\" src=\"https:\/\/www.youtube.com\/embed\/cQ3IOOZ0D4k?feature=oembed\" frameborder=\"0\" allow=\"accelerometer; autoplay; clipboard-write; encrypted-media; gyroscope; picture-in-picture; web-share\" referrerpolicy=\"strict-origin-when-cross-origin\" allowfullscreen><\/iframe>\n<\/div><\/figure>\n","protected":false},"excerpt":{"rendered":"<p>Universidade Livre de Estudos Culturais da Capoeira &#8211; Universidade da Capoeira &#8211; UNICAPOEIRA, Instituto de Educa\u00e7\u00e3o Socioambiental &#8211; IESAMBI, Associa\u00e7\u00e3o de Capoeira &#8211; ASCA e Grupo de Capoeira MEIA LUA &#8211; Fundado na Ter\u00e7a-feira, 29 de Maio de 1962. Orquestra Harm\u00f4nica de Berimbaus. Toques Dobrados: Angola, Banguela e Cavalaria. Mandingueiro &#8211; Peter Faluhelyi e Bella &#8211; Maria Isabel Melotti Xible. Sala de Entrar, Tig\u00fc\u00e9ra 360, Juiz de Fora, Minas Gerais\/MG e C\u00e1lculos para a Constru\u00e7\u00e3o de Casa na Ch\u00e1cara Pau D&#8217;\u00d3leo, no Residencial Caf\u00e9 Planalto em Sobradinho II, Distrito Federal\/DF, Brasil. Registro de Capoeira Mestre Pol\u00eamico &#8211; Professor Jo\u00e3o Couto Teixeira. IMG_7840. 2,64 GB. 20h32. Segunda-feira, 30 de Janeiro de 2023. HD 1080p.<\/p>\n","protected":false},"author":2,"featured_media":7355,"comment_status":"open","ping_status":"open","sticky":false,"template":"","format":"video","meta":{"footnotes":""},"categories":[4676],"tags":[5858,5857,5772,2605,43,5825,3678,5705,241,5771,1742,5855,236,55,42,247,519,257,119,5856,5799,120,5854,411],"class_list":["post-7354","post","type-post","status-publish","format-video","has-post-thumbnail","hentry","category-orquestra-harmonica-de-berimbaus","tag-2-64-gb","tag-20h32","tag-29-de-maio-de-1962","tag-associacao-de-capoeira-asca","tag-brasil","tag-calculos-para-a-construcao-de-casa-na-chacara-pau-doleo","tag-capoeira-mestra-bella-maria-isabel-melotti-xible","tag-capoeira-mestre-mandingueiro-peter-faluhelyi","tag-distrito-federal-df","tag-grupo-de-capoeira-meia-lua-fundado-na-terca-feira","tag-hd-1080p","tag-img_7840","tag-instituto-de-educacao-socioambiental-iesambi","tag-juiz-de-fora","tag-minas-gerais-mg","tag-orquestra-harmonica-de-berimbaus","tag-registro-de-capoeira-mestre-polemico-professor-joao-couto-teixeira","tag-residencial-cafe-planalto","tag-sala-de-entrar","tag-segunda-feira-30-de-janeiro-de-2023","tag-sobradinho-ii","tag-tiguera-360","tag-toques-dobrados-angola-banguela-cavalaria","tag-universidade-livre-de-estudos-culturais-da-capoeira-universidade-da-capoeira-unicapoeira","post_format-post-format-video"],"_links":{"self":[{"href":"https:\/\/universidadedacapoeira.com\/index.php\/wp-json\/wp\/v2\/posts\/7354","targetHints":{"allow":["GET"]}}],"collection":[{"href":"https:\/\/universidadedacapoeira.com\/index.php\/wp-json\/wp\/v2\/posts"}],"about":[{"href":"https:\/\/universidadedacapoeira.com\/index.php\/wp-json\/wp\/v2\/types\/post"}],"author":[{"embeddable":true,"href":"https:\/\/universidadedacapoeira.com\/index.php\/wp-json\/wp\/v2\/users\/2"}],"replies":[{"embeddable":true,"href":"https:\/\/universidadedacapoeira.com\/index.php\/wp-json\/wp\/v2\/comments?post=7354"}],"version-history":[{"count":1,"href":"https:\/\/universidadedacapoeira.com\/index.php\/wp-json\/wp\/v2\/posts\/7354\/revisions"}],"predecessor-version":[{"id":7356,"href":"https:\/\/universidadedacapoeira.com\/index.php\/wp-json\/wp\/v2\/posts\/7354\/revisions\/7356"}],"wp:featuredmedia":[{"embeddable":true,"href":"https:\/\/universidadedacapoeira.com\/index.php\/wp-json\/wp\/v2\/media\/7355"}],"wp:attachment":[{"href":"https:\/\/universidadedacapoeira.com\/index.php\/wp-json\/wp\/v2\/media?parent=7354"}],"wp:term":[{"taxonomy":"category","embeddable":true,"href":"https:\/\/universidadedacapoeira.com\/index.php\/wp-json\/wp\/v2\/categories?post=7354"},{"taxonomy":"post_tag","embeddable":true,"href":"https:\/\/universidadedacapoeira.com\/index.php\/wp-json\/wp\/v2\/tags?post=7354"}],"curies":[{"name":"wp","href":"https:\/\/api.w.org\/{rel}","templated":true}]}}