{"id":7291,"date":"2023-09-06T17:30:08","date_gmt":"2023-09-06T20:30:08","guid":{"rendered":"http:\/\/universidadedacapoeira.com\/?p=7291"},"modified":"2023-09-06T17:30:09","modified_gmt":"2023-09-06T20:30:09","slug":"unicapoeira-iesambi-asca-e-meia-lua-mestrs-onca-tigre-sansao-adilson-pombo-de-ouro-paulao-dom-ivan-polemico-pesado-kall-risadinha-gilvan-roberto-carcara-marcus-bella-laura-amilka","status":"publish","type":"post","link":"https:\/\/universidadedacapoeira.com\/index.php\/2023\/09\/06\/unicapoeira-iesambi-asca-e-meia-lua-mestrs-onca-tigre-sansao-adilson-pombo-de-ouro-paulao-dom-ivan-polemico-pesado-kall-risadinha-gilvan-roberto-carcara-marcus-bella-laura-amilka\/","title":{"rendered":"UNICAPOEIRA, IESAMBI, ASCA e MEIA LUA. Mestr@s On\u00e7a Tigre, Sans\u00e3o, Adilson, Pombo de Ouro, Paul\u00e3o, Dom Ivan, Pol\u00eamico, Pesado, Kall, Risadinha, Gilvan, Roberto, Carcar\u00e1, Marcus, Bella, Laura, Amilka, Xico Piau\u00ed. Papoeira. CIEF, Bras\u00edlia. 18Mai03."},"content":{"rendered":"\n<figure class=\"wp-block-embed is-type-video is-provider-youtube wp-block-embed-youtube wp-embed-aspect-16-9 wp-has-aspect-ratio\"><div class=\"wp-block-embed__wrapper\">\n<iframe loading=\"lazy\" title=\"PAPOEIRA: Mestres On\u00e7a Tigre, Sans\u00e3o, Adilson, Pombo de Ouro, Paul\u00e3o e Dom Ivan. Bras\u00edlia. 18Mai03\" width=\"500\" height=\"281\" src=\"https:\/\/www.youtube.com\/embed\/UvJup2oFvgU?feature=oembed\" frameborder=\"0\" allow=\"accelerometer; autoplay; clipboard-write; encrypted-media; gyroscope; picture-in-picture; web-share\" referrerpolicy=\"strict-origin-when-cross-origin\" allowfullscreen><\/iframe>\n<\/div><\/figure>\n","protected":false},"excerpt":{"rendered":"<p>Universidade Livre de Estudos Culturais da Capoeira &#8211; Universidade da Capoeira &#8211; UNICAPOEIRA, Instituto de Educa\u00e7\u00e3o Socioambiental &#8211; IESAMBI, Associa\u00e7\u00e3o de Capoeira &#8211; ASCA e Grupo de Capoeira MEIA LUA &#8211; Fundado em 29 de Maio de 1962. Mestr@s On\u00e7a Tigre &#8211; Doutor Milton Freire de Carvalho, Sans\u00e3o &#8211; Tarzan &#8211; Sandoval Nascimento Chaves, Adilson Alves da Silva, Pombo de Ouro &#8211; Jos\u00e9 Bispo Correia, Jos\u00e9 Paulo dos Santos, Dom Ivan Zacarias Guimar\u00e3es Gobbo, Pol\u00eamico &#8211; Professor Jo\u00e3o Couto Teixeira, Pesado &#8211; Pedro de Abreu Neiva, Kall &#8211; Jos\u00e9 Carlos Alves Pereira, Risadinha &#8211; Eduardo Gomes da Silva, Gilvan Alves de Andrade, Roberto, Carcar\u00e1 &#8211; Alex Charles Rocha, Marcus Vinicius S. Gomes, Bella &#8211; Maria Izabel Melotti Xible, Laura Cavalieri Bisio, Amilka, Xico Piau\u00ed. Papoeira. Centro de Integrado de Educa\u00e7\u00e3o F\u00edsica &#8211; CIEF, Secretaria de Estado de Educa\u00e7\u00e3o &#8211; SEE, Bras\u00edlia, Distrito Federal\/DF, Brasil. Domingo, 18 de Maio de 2003.<\/p>\n","protected":false},"author":2,"featured_media":7292,"comment_status":"open","ping_status":"open","sticky":false,"template":"","format":"video","meta":{"footnotes":""},"categories":[4737],"tags":[2605,43,59,3722,3803,3677,5755,3542,465,1988,5756,3992,5758,58,2008,35,1969,5757,5759,5754,5760,5761,241,5763,1737,236,5762,2151,34],"class_list":["post-7291","post","type-post","status-publish","format-video","has-post-thumbnail","hentry","category-mestre-onca-tigre","tag-associacao-de-capoeira-asca","tag-brasil","tag-brasilia","tag-capoeira-mestra-amilka","tag-capoeira-mestra-bella-maria-izabel-melotti-xible","tag-capoeira-mestra-laura-cavalieri-bisio","tag-capoeira-mestre-adilson-alves-da-silva","tag-capoeira-mestre-carcara-alex-charles-rocha","tag-capoeira-mestre-dom-ivan-zacarias-guimaraes-gobbo","tag-capoeira-mestre-gilvan-alves-de-andrade","tag-capoeira-mestre-jose-paulo-dos-santos","tag-capoeira-mestre-kall-jose-carlos-alves-pereira","tag-capoeira-mestre-marcus-vinicius-s-gomes","tag-capoeira-mestre-onca-tigre-doutor-milton-freire-de-carvalho","tag-capoeira-mestre-pesado-pedro-de-abreu-neiva","tag-capoeira-mestre-polemico-professor-joao-couto-teixeira","tag-capoeira-mestre-pombo-de-ouro-jose-bispo-correia","tag-capoeira-mestre-risadinha-eduardo-gomes-da-silva","tag-capoeira-mestre-roberto","tag-capoeira-mestre-sansao-tarzan-sandoval-nascimento-chaves","tag-capoeira-mestre-xico-piaui","tag-centro-de-integrado-de-educacao-fisica-cief","tag-distrito-federal-df","tag-domingo-18-de-maio-de-2003","tag-grupo-de-capoeira-meia-lua-fundado-em-29-de-maio-de-1962","tag-instituto-de-educacao-socioambiental-iesambi","tag-papoeira","tag-secretaria-de-estado-de-educacao-see","tag-unicapoeira","post_format-post-format-video"],"_links":{"self":[{"href":"https:\/\/universidadedacapoeira.com\/index.php\/wp-json\/wp\/v2\/posts\/7291","targetHints":{"allow":["GET"]}}],"collection":[{"href":"https:\/\/universidadedacapoeira.com\/index.php\/wp-json\/wp\/v2\/posts"}],"about":[{"href":"https:\/\/universidadedacapoeira.com\/index.php\/wp-json\/wp\/v2\/types\/post"}],"author":[{"embeddable":true,"href":"https:\/\/universidadedacapoeira.com\/index.php\/wp-json\/wp\/v2\/users\/2"}],"replies":[{"embeddable":true,"href":"https:\/\/universidadedacapoeira.com\/index.php\/wp-json\/wp\/v2\/comments?post=7291"}],"version-history":[{"count":1,"href":"https:\/\/universidadedacapoeira.com\/index.php\/wp-json\/wp\/v2\/posts\/7291\/revisions"}],"predecessor-version":[{"id":7293,"href":"https:\/\/universidadedacapoeira.com\/index.php\/wp-json\/wp\/v2\/posts\/7291\/revisions\/7293"}],"wp:featuredmedia":[{"embeddable":true,"href":"https:\/\/universidadedacapoeira.com\/index.php\/wp-json\/wp\/v2\/media\/7292"}],"wp:attachment":[{"href":"https:\/\/universidadedacapoeira.com\/index.php\/wp-json\/wp\/v2\/media?parent=7291"}],"wp:term":[{"taxonomy":"category","embeddable":true,"href":"https:\/\/universidadedacapoeira.com\/index.php\/wp-json\/wp\/v2\/categories?post=7291"},{"taxonomy":"post_tag","embeddable":true,"href":"https:\/\/universidadedacapoeira.com\/index.php\/wp-json\/wp\/v2\/tags?post=7291"}],"curies":[{"name":"wp","href":"https:\/\/api.w.org\/{rel}","templated":true}]}}