{"id":7288,"date":"2023-09-06T14:43:02","date_gmt":"2023-09-06T17:43:02","guid":{"rendered":"http:\/\/universidadedacapoeira.com\/?p=7288"},"modified":"2023-09-06T14:49:51","modified_gmt":"2023-09-06T17:49:51","slug":"unicapoeira-iesambi-asca-e-meia-lua-mestres-onca-tigre-danadinho-pombo-de-ouro-diabo-louro-polemico-zangado-mandingueiro-lua-bonita-para-cristina-lambao-sonia-valeria-colibri-waleska","status":"publish","type":"post","link":"https:\/\/universidadedacapoeira.com\/index.php\/2023\/09\/06\/unicapoeira-iesambi-asca-e-meia-lua-mestres-onca-tigre-danadinho-pombo-de-ouro-diabo-louro-polemico-zangado-mandingueiro-lua-bonita-para-cristina-lambao-sonia-valeria-colibri-waleska\/","title":{"rendered":"UNICAPOEIRA, IESAMBI, ASCA e MEIA LUA. Mestres On\u00e7a Tigre, Danadinho, Pombo de Ouro, Diabo Louro, Pol\u00eamico, Zangado, Mandingueiro, Lua Bonita, Par\u00e1, Cristina, Lamb\u00e3o, S\u00f4nia, Val\u00e9ria, Colibri &#8211; Waleska. CASEB, Bras\u00edlia. 23mai98."},"content":{"rendered":"\n<figure class=\"wp-block-embed is-type-video is-provider-youtube wp-block-embed-youtube wp-embed-aspect-16-9 wp-has-aspect-ratio\"><div class=\"wp-block-embed__wrapper\">\n<iframe loading=\"lazy\" title=\"UNICAPOEIRA na Escola MEIA LUA: Mestres On\u00e7a Tigre, Danadinho, Diabo Louro e Pombo de Ouro. Bras\u00edlia\" width=\"500\" height=\"281\" src=\"https:\/\/www.youtube.com\/embed\/6sxYdaxRERw?feature=oembed\" frameborder=\"0\" allow=\"accelerometer; autoplay; clipboard-write; encrypted-media; gyroscope; picture-in-picture; web-share\" referrerpolicy=\"strict-origin-when-cross-origin\" allowfullscreen><\/iframe>\n<\/div><\/figure>\n","protected":false},"excerpt":{"rendered":"<p>Universidade Livre de Estudos Culturais da Capoeira &#8211; Universidade da Capoeira &#8211; UNICAPOEIRA, Instituto de Educa\u00e7\u00e3o Socioambiental &#8211; IESAMBI, Associa\u00e7\u00e3o de Capoeira &#8211; ASCA e Grupo de Capoeira MEIA LUA &#8211; Fundado em 29 de Maio de 1962. Mestres On\u00e7a Tigre &#8211; Doutor Milton Freire de Carvalho, Danadinho &#8211; Cl\u00e1udio Jos\u00e9 Pinheiro Villar de Queiroz, Pombo de Ouro &#8211; Jos\u00e9 Bispo Correia, Diabo Louro &#8211; Leonides de La Bianca Bimbato, Pol\u00eamico &#8211; Jo\u00e3o Couto Teixeira, Zangado &#8211; Fernando Alves da Silva, Mandingueiro &#8211; Peter Faluhelyi, Lua Bonita &#8211; Ana Cl\u00e1udia Sousa Vieira, Par\u00e1 &#8211; H\u00e9rcules, Cristina, Lamb\u00e3o &#8211; Jorge F\u00e1bio Paulino, S\u00f4nia, Val\u00e9ria, Colibri &#8211; Waleska. CASEB, Secretaria de Estado de Educa\u00e7\u00e3o &#8211; SEE, Bras\u00edlia, Distrito Federal\/DF, Brasil. S\u00e1bado, 23 de maio de 1998.<\/p>\n","protected":false},"author":2,"featured_media":7289,"comment_status":"open","ping_status":"open","sticky":false,"template":"","format":"video","meta":{"footnotes":""},"categories":[4737],"tags":[2605,43,59,5751,5701,5752,5753,150,2182,5705,5749,5750,5579,1969,5628,3403,241,1737,236,3754,2151,411],"class_list":["post-7288","post","type-post","status-publish","format-video","has-post-thumbnail","hentry","category-mestre-onca-tigre","tag-associacao-de-capoeira-asca","tag-brasil","tag-brasilia","tag-capoeira-mestra-cristina","tag-capoeira-mestra-lua-bonita-ana-claudia-sousa-vieira","tag-capoeira-mestra-sonia","tag-capoeira-mestra-valeria-capoeira-mestra-colibri-waleska","tag-capoeira-mestre-diabo-louro-leonides-de-la-bianca-bimbato","tag-capoeira-mestre-lambao-jorge-fabio-paulino","tag-capoeira-mestre-mandingueiro-peter-faluhelyi","tag-capoeira-mestre-onca-tigre-doutor-milton-freire-de-carvalho-capoeira-mestre-danadinho-claudio-jose-pinheiro-villar-de-queiroz","tag-capoeira-mestre-para-hercules","tag-capoeira-mestre-polemico-joao-couto-teixeira","tag-capoeira-mestre-pombo-de-ouro-jose-bispo-correia","tag-capoeira-mestre-zangado-fernando-alves-da-silva","tag-caseb","tag-distrito-federal-df","tag-grupo-de-capoeira-meia-lua-fundado-em-29-de-maio-de-1962","tag-instituto-de-educacao-socioambiental-iesambi","tag-sabado-23-de-maio-de-1998","tag-secretaria-de-estado-de-educacao-see","tag-universidade-livre-de-estudos-culturais-da-capoeira-universidade-da-capoeira-unicapoeira","post_format-post-format-video"],"_links":{"self":[{"href":"https:\/\/universidadedacapoeira.com\/index.php\/wp-json\/wp\/v2\/posts\/7288","targetHints":{"allow":["GET"]}}],"collection":[{"href":"https:\/\/universidadedacapoeira.com\/index.php\/wp-json\/wp\/v2\/posts"}],"about":[{"href":"https:\/\/universidadedacapoeira.com\/index.php\/wp-json\/wp\/v2\/types\/post"}],"author":[{"embeddable":true,"href":"https:\/\/universidadedacapoeira.com\/index.php\/wp-json\/wp\/v2\/users\/2"}],"replies":[{"embeddable":true,"href":"https:\/\/universidadedacapoeira.com\/index.php\/wp-json\/wp\/v2\/comments?post=7288"}],"version-history":[{"count":1,"href":"https:\/\/universidadedacapoeira.com\/index.php\/wp-json\/wp\/v2\/posts\/7288\/revisions"}],"predecessor-version":[{"id":7290,"href":"https:\/\/universidadedacapoeira.com\/index.php\/wp-json\/wp\/v2\/posts\/7288\/revisions\/7290"}],"wp:featuredmedia":[{"embeddable":true,"href":"https:\/\/universidadedacapoeira.com\/index.php\/wp-json\/wp\/v2\/media\/7289"}],"wp:attachment":[{"href":"https:\/\/universidadedacapoeira.com\/index.php\/wp-json\/wp\/v2\/media?parent=7288"}],"wp:term":[{"taxonomy":"category","embeddable":true,"href":"https:\/\/universidadedacapoeira.com\/index.php\/wp-json\/wp\/v2\/categories?post=7288"},{"taxonomy":"post_tag","embeddable":true,"href":"https:\/\/universidadedacapoeira.com\/index.php\/wp-json\/wp\/v2\/tags?post=7288"}],"curies":[{"name":"wp","href":"https:\/\/api.w.org\/{rel}","templated":true}]}}