{"id":7255,"date":"2023-09-04T10:26:19","date_gmt":"2023-09-04T13:26:19","guid":{"rendered":"http:\/\/universidadedacapoeira.com\/?p=7255"},"modified":"2023-09-04T10:26:20","modified_gmt":"2023-09-04T13:26:20","slug":"unicapoeira-iesambi-e-meia-lua-gravacao-do-cd-capoeira-na-escola-maestro-marvin-mestrs-pombo-de-ouro-tabosa-barto-polemico-squisyto-tata-adelmo-bom-menino-zangado-mandingueiro-lua-bon","status":"publish","type":"post","link":"https:\/\/universidadedacapoeira.com\/index.php\/2023\/09\/04\/unicapoeira-iesambi-e-meia-lua-gravacao-do-cd-capoeira-na-escola-maestro-marvin-mestrs-pombo-de-ouro-tabosa-barto-polemico-squisyto-tata-adelmo-bom-menino-zangado-mandingueiro-lua-bon\/","title":{"rendered":"UNICAPOEIRA, IESAMBI e MEIA LUA. Grava\u00e7\u00e3o do CD &#8211; Capoeira na Escola. Maestro Marvin. Mestr@s Pombo de Ouro, Tabosa, Barto, Pol\u00eamico, Squisyto, Tat\u00e1, Adelmo, Bom Menino, Zangado, Mandingueiro, Lua Bonita e Bezerra. Ceil\u00e2ndia. 421,9 MB. 09h11. 16Mai98."},"content":{"rendered":"\n<figure class=\"wp-block-embed is-type-video is-provider-youtube wp-block-embed-youtube wp-embed-aspect-16-9 wp-has-aspect-ratio\"><div class=\"wp-block-embed__wrapper\">\n<iframe loading=\"lazy\" title=\"Capoeira na Escola: Mestres Pombo, Tabosa, Barto, Pol\u00eamico, Squisyto, Tat\u00e1, Adelmo, Bom, Lua.16Mai98\" width=\"500\" height=\"281\" src=\"https:\/\/www.youtube.com\/embed\/R9gKGpdc0EQ?feature=oembed\" frameborder=\"0\" allow=\"accelerometer; autoplay; clipboard-write; encrypted-media; gyroscope; picture-in-picture; web-share\" referrerpolicy=\"strict-origin-when-cross-origin\" allowfullscreen><\/iframe>\n<\/div><\/figure>\n","protected":false},"excerpt":{"rendered":"<p>Universidade Livre de Estudos Culturais da Capoeira &#8211; Universidade da Capoeira &#8211; UNICAPOEIRA, Instituto de Educa\u00e7\u00e3o Socioambiental &#8211; IESAMBI e Grupo de Capoeira MEIA LUA &#8211; Fundado em 29 de Maio de 1962. Grava\u00e7\u00e3o do Primeiro CD &#8211; Capoeira na Escola. Maestro Marvin. Mestr@s Pombo de Ouro &#8211; Jos\u00e9 Bispo Correia, H\u00e9lio Tabosa de Moraes, Bartolomeu Vieira das Chagas, Pol\u00eamico &#8211; Professor Jo\u00e3o Couto Teixeira, Squisyto &#8211; Reginaldo Silveira da Costa, Tat\u00e1 &#8211; Carlos Domingos de La Bianca Bimbato, Adelmo Pereira Lima, Bom Menino &#8211; Aluizio de Melo Cavalcante J\u00fanior, Zangado &#8211; Fernando Alves, Mandingueiro &#8211; Doutor Peter Faluhelyi, Lua Bonita &#8211; Ana Cl\u00e1udia Sousa Vieira e Bezerra. Ceil\u00e2ndia, Distrito Federal\/DF, Brasil. Registro de Capoeira Mestr@s Mandingueiro &#8211; Doutor Peter Faluhelyi e Lua Bonita &#8211; Ana Cl\u00e1udia Sousa Vieira. 421,9 MB. 09h11. S\u00e1bado, 16 de Maio de 1998.<\/p>\n","protected":false},"author":2,"featured_media":7256,"comment_status":"open","ping_status":"open","sticky":false,"template":"","format":"video","meta":{"footnotes":""},"categories":[4677],"tags":[3462,3461,43,5701,3056,1643,5702,3432,274,5557,35,1969,3336,2174,3338,3340,241,3748,1737,236,3459,5508,5558,3451,411],"class_list":["post-7255","post","type-post","status-publish","format-video","has-post-thumbnail","hentry","category-grupo-de-capoeira-meia-lua","tag-09h11","tag-421-9-mb","tag-brasil","tag-capoeira-mestra-lua-bonita-ana-claudia-sousa-vieira","tag-capoeira-mestre-adelmo-pereira-lima","tag-capoeira-mestre-bartolomeu-vieira-das-chagas","tag-capoeira-mestre-bezerra","tag-capoeira-mestre-bom-menino-aluizio-de-melo-cavalcante-junior","tag-capoeira-mestre-helio-tabosa-de-moraes","tag-capoeira-mestre-mandingueiro-doutor-peter-faluhelyi","tag-capoeira-mestre-polemico-professor-joao-couto-teixeira","tag-capoeira-mestre-pombo-de-ouro-jose-bispo-correia","tag-capoeira-mestre-squisyto-reginaldo-silveira-da-costa","tag-capoeira-mestre-tata-carlos-domingos-de-la-bianca-bimbato","tag-capoeira-mestre-zangado-fernando-alves","tag-ceilandia","tag-distrito-federal-df","tag-gravacao-do-primeiro-cd-capoeira-na-escola-2","tag-grupo-de-capoeira-meia-lua-fundado-em-29-de-maio-de-1962","tag-instituto-de-educacao-socioambiental-iesambi","tag-maestro-marvin","tag-registro-de-capoeira-mestra-lua-bonita-ana-claudia-sousa-vieira","tag-registro-de-capoeira-mestre-mandingueiro-doutor-peter-faluhelyi","tag-sabado-16-de-maio-de-1998","tag-universidade-livre-de-estudos-culturais-da-capoeira-universidade-da-capoeira-unicapoeira","post_format-post-format-video"],"_links":{"self":[{"href":"https:\/\/universidadedacapoeira.com\/index.php\/wp-json\/wp\/v2\/posts\/7255","targetHints":{"allow":["GET"]}}],"collection":[{"href":"https:\/\/universidadedacapoeira.com\/index.php\/wp-json\/wp\/v2\/posts"}],"about":[{"href":"https:\/\/universidadedacapoeira.com\/index.php\/wp-json\/wp\/v2\/types\/post"}],"author":[{"embeddable":true,"href":"https:\/\/universidadedacapoeira.com\/index.php\/wp-json\/wp\/v2\/users\/2"}],"replies":[{"embeddable":true,"href":"https:\/\/universidadedacapoeira.com\/index.php\/wp-json\/wp\/v2\/comments?post=7255"}],"version-history":[{"count":1,"href":"https:\/\/universidadedacapoeira.com\/index.php\/wp-json\/wp\/v2\/posts\/7255\/revisions"}],"predecessor-version":[{"id":7257,"href":"https:\/\/universidadedacapoeira.com\/index.php\/wp-json\/wp\/v2\/posts\/7255\/revisions\/7257"}],"wp:featuredmedia":[{"embeddable":true,"href":"https:\/\/universidadedacapoeira.com\/index.php\/wp-json\/wp\/v2\/media\/7256"}],"wp:attachment":[{"href":"https:\/\/universidadedacapoeira.com\/index.php\/wp-json\/wp\/v2\/media?parent=7255"}],"wp:term":[{"taxonomy":"category","embeddable":true,"href":"https:\/\/universidadedacapoeira.com\/index.php\/wp-json\/wp\/v2\/categories?post=7255"},{"taxonomy":"post_tag","embeddable":true,"href":"https:\/\/universidadedacapoeira.com\/index.php\/wp-json\/wp\/v2\/tags?post=7255"}],"curies":[{"name":"wp","href":"https:\/\/api.w.org\/{rel}","templated":true}]}}