{"id":7120,"date":"2023-08-17T08:52:36","date_gmt":"2023-08-17T11:52:36","guid":{"rendered":"http:\/\/universidadedacapoeira.com\/?p=7120"},"modified":"2023-08-17T08:52:36","modified_gmt":"2023-08-17T11:52:36","slug":"unicapoeira-meia-lua-na-escola-mestres-polemico-carlos-e-bom-menino-gisno-brasilia-estrela-dalva-salete-libardoni-26nov94","status":"publish","type":"post","link":"https:\/\/universidadedacapoeira.com\/index.php\/2023\/08\/17\/unicapoeira-meia-lua-na-escola-mestres-polemico-carlos-e-bom-menino-gisno-brasilia-estrela-dalva-salete-libardoni-26nov94\/","title":{"rendered":"UNICAPOEIRA MEIA LUA na Escola. Mestres Pol\u00eamico, Carlos e Bom Menino. GISNO, Bras\u00edlia. Estrela Dalva &#8211; Salete Libardoni. 26Nov94."},"content":{"rendered":"\n<figure class=\"wp-block-embed is-type-video is-provider-youtube wp-block-embed-youtube wp-embed-aspect-16-9 wp-has-aspect-ratio\"><div class=\"wp-block-embed__wrapper\">\n<iframe loading=\"lazy\" title=\"UNICAPOEIRA na Escola MEIA LUA: Mestres Pol\u00eamico, Tat\u00e1, Bom Menino. GISNO, Bras\u00edlia, Brasil. 26Nov94\" width=\"500\" height=\"281\" src=\"https:\/\/www.youtube.com\/embed\/zX0BQOuFz40?feature=oembed\" frameborder=\"0\" allow=\"accelerometer; autoplay; clipboard-write; encrypted-media; gyroscope; picture-in-picture; web-share\" referrerpolicy=\"strict-origin-when-cross-origin\" allowfullscreen><\/iframe>\n<\/div><\/figure>\n","protected":false},"excerpt":{"rendered":"<p>Universidade Livre de Estudos Culturais da Capoeira &#8211; Universidade da Capoeira &#8211; UNICAPOEIRA, Instituto de Educa\u00e7\u00e3o Socioambiental &#8211; IESAMBI, Grupo de Capoeira Meia Lua na Escola &#8211; Fundado em 29 de Maio de 1962 e Associa\u00e7\u00e3o de Capoeira &#8211; ASCA. Mestres Pol\u00eamico &#8211; Professor Jo\u00e3o Couto Teixeira, Tat\u00e1 &#8211; Carlos Domingos de La Bianca Bimbato e Bom Menino &#8211; Aluizio de Melo Cavalcanti J\u00fanior. Centro de Ensino M\u00e9dio GISNO, Secretaria de Estado de Educa\u00e7\u00e3o &#8211; SEE, Bras\u00edlia, Distrito Federal\/DF, Brasil. Registro de Capoeira Estrela Dalva &#8211; Artista Pl\u00e1stica e Cineasta Salete Libardoni. S\u00e1bado, 26 de Novembro de 1994.<\/p>\n","protected":false},"author":2,"featured_media":7121,"comment_status":"open","ping_status":"open","sticky":false,"template":"","format":"video","meta":{"footnotes":""},"categories":[4677],"tags":[2605,43,59,1970,35,2174,4096,241,3811,236,290,4104,2151,411],"class_list":["post-7120","post","type-post","status-publish","format-video","has-post-thumbnail","hentry","category-grupo-de-capoeira-meia-lua","tag-associacao-de-capoeira-asca","tag-brasil","tag-brasilia","tag-capoeira-mestre-bom-menino-aluizio-de-melo-cavalcanti-junior","tag-capoeira-mestre-polemico-professor-joao-couto-teixeira","tag-capoeira-mestre-tata-carlos-domingos-de-la-bianca-bimbato","tag-centro-de-ensino-medio-gisno","tag-distrito-federal-df","tag-grupo-de-capoeira-meia-lua-na-escola-fundado-em-29-de-maio-de-1962","tag-instituto-de-educacao-socioambiental-iesambi","tag-registro-de-capoeira-estrela-dalva-artista-plastica-e-cineasta-salete-libardoni","tag-sabado-26-de-novembro-de-1994","tag-secretaria-de-estado-de-educacao-see","tag-universidade-livre-de-estudos-culturais-da-capoeira-universidade-da-capoeira-unicapoeira","post_format-post-format-video"],"_links":{"self":[{"href":"https:\/\/universidadedacapoeira.com\/index.php\/wp-json\/wp\/v2\/posts\/7120","targetHints":{"allow":["GET"]}}],"collection":[{"href":"https:\/\/universidadedacapoeira.com\/index.php\/wp-json\/wp\/v2\/posts"}],"about":[{"href":"https:\/\/universidadedacapoeira.com\/index.php\/wp-json\/wp\/v2\/types\/post"}],"author":[{"embeddable":true,"href":"https:\/\/universidadedacapoeira.com\/index.php\/wp-json\/wp\/v2\/users\/2"}],"replies":[{"embeddable":true,"href":"https:\/\/universidadedacapoeira.com\/index.php\/wp-json\/wp\/v2\/comments?post=7120"}],"version-history":[{"count":1,"href":"https:\/\/universidadedacapoeira.com\/index.php\/wp-json\/wp\/v2\/posts\/7120\/revisions"}],"predecessor-version":[{"id":7122,"href":"https:\/\/universidadedacapoeira.com\/index.php\/wp-json\/wp\/v2\/posts\/7120\/revisions\/7122"}],"wp:featuredmedia":[{"embeddable":true,"href":"https:\/\/universidadedacapoeira.com\/index.php\/wp-json\/wp\/v2\/media\/7121"}],"wp:attachment":[{"href":"https:\/\/universidadedacapoeira.com\/index.php\/wp-json\/wp\/v2\/media?parent=7120"}],"wp:term":[{"taxonomy":"category","embeddable":true,"href":"https:\/\/universidadedacapoeira.com\/index.php\/wp-json\/wp\/v2\/categories?post=7120"},{"taxonomy":"post_tag","embeddable":true,"href":"https:\/\/universidadedacapoeira.com\/index.php\/wp-json\/wp\/v2\/tags?post=7120"}],"curies":[{"name":"wp","href":"https:\/\/api.w.org\/{rel}","templated":true}]}}