{"id":7093,"date":"2023-08-15T15:40:41","date_gmt":"2023-08-15T18:40:41","guid":{"rendered":"http:\/\/universidadedacapoeira.com\/?p=7093"},"modified":"2023-08-15T15:40:41","modified_gmt":"2023-08-15T18:40:41","slug":"anhuceu-grupo-de-capoeira-meia-lua-mestres-angoleiro-danadinho-polemico-amorim-can-can-kiko-jf-jovirson-patricia-kim-xico-estevao-henrique-coroa-caca-david-flavia-talarico-kiko-nave","status":"publish","type":"post","link":"https:\/\/universidadedacapoeira.com\/index.php\/2023\/08\/15\/anhuceu-grupo-de-capoeira-meia-lua-mestres-angoleiro-danadinho-polemico-amorim-can-can-kiko-jf-jovirson-patricia-kim-xico-estevao-henrique-coroa-caca-david-flavia-talarico-kiko-nave\/","title":{"rendered":"Anhuc\u00e9u: Grupo de Capoeira MEIA LUA. Mestres Angoleiro, Danadinho, Pol\u00eamico, Amorim, Can Can, Kiko JF, J\u00f3virson, Patr\u00edcia, Kim, Xico, Est\u00eav\u00e3o, Henrique, Coroa, Cac\u00e1, David, Fl\u00e1via, Talarico, Kiko Nave, Leo, Non\u00f4. Juiz de Fora. 1,07 GB. 29abr17."},"content":{"rendered":"\n<figure class=\"wp-block-embed is-type-video is-provider-youtube wp-block-embed-youtube wp-embed-aspect-16-9 wp-has-aspect-ratio\"><div class=\"wp-block-embed__wrapper\">\n<iframe loading=\"lazy\" title=\"ANHUC\u00c9U: Capoeira Meia Lua. Kim Ribeiro, Xico, Pol\u00eamico, Est\u00eav\u00e3o, God\u00f4, Mauro, Cac\u00e1 e David. 29Abr17\" width=\"500\" height=\"281\" src=\"https:\/\/www.youtube.com\/embed\/Omfrusr0TOE?feature=oembed\" frameborder=\"0\" allow=\"accelerometer; autoplay; clipboard-write; encrypted-media; gyroscope; picture-in-picture; web-share\" referrerpolicy=\"strict-origin-when-cross-origin\" allowfullscreen><\/iframe>\n<\/div><\/figure>\n","protected":false},"excerpt":{"rendered":"<p>Universidade Livre de Estudos Culturais da Capoeira, Universidade da Capoeira -UNICAPOEIRA, Instituto de Educa\u00e7\u00e3o Socioambiental &#8211; IESAMBI, Associa\u00e7\u00e3o de Capoeira &#8211; ASCA e Grupo de Capoeira MEIA LUA &#8211; Fundado em 29 de Maio de 1962. Mestres Angoleiro, Danadinho &#8211; Cl\u00e1udio Jos\u00e9 Pinheiro Villar de Queiroz, Pol\u00eamico &#8211; Professor Jo\u00e3o Couto Teixeira, Alexandre Jos\u00e9 Ribeiro de Amorim, Can Can &#8211; Alexandre Juan Rabelo, Kiko, J\u00f3virson Jos\u00e9 Milagres e Patr\u00edcia Amorim. Kim Assis &#8211; Flauta G e Pios, Xico &#8211; Francisco Couto Teixeira &#8211; Pandeiro e Percuss\u00e3o, T\u00eavo &#8211; Est\u00eav\u00e3o Couto Teixeira &#8211; Flauta C, Quinho &#8211; Henrique Couto Teixeira &#8211; Congas, Mestre Coroa &#8211; Mauro Delfino da Silva &#8211; Afox\u00e9, Cac\u00e1 &#8211; Maria do Carmo Teixeira Ferrari &#8211; Coco, David Teixeira Irsigler &#8211; Reco-reco, Fl\u00e1via Lima &#8211; Pandeiro, Paulo S\u00e9rgio Talarico &#8211; Pintura, Kiko &#8211; Ricardo Resende Ladeira &#8211; Grava\u00e7\u00e3o e Mixagem, Leonardo Teixeira Gon\u00e7alves &#8211; Edi\u00e7\u00e3o e Arte Gr\u00e1fica, Non\u00f4 &#8211; Jos\u00e9 Bispo &#8211; Copiagem. Nave Est\u00fadio, Rua Natal, N\u00famero 320, Bairro Jardim da Serra, C\u00f3digo de Endere\u00e7amento Postal &#8211; CEP 36.039-110, Juiz de Fora, Minas Gerais &#8211; MG, Brasil. 1,07 GB. 29 de abril de 2017.<\/p>\n","protected":false},"author":2,"featured_media":7094,"comment_status":"open","ping_status":"open","sticky":false,"template":"","format":"video","meta":{"footnotes":""},"categories":[4677],"tags":[437,2605,5501,43,5490,5484,155,163,156,5489,592,5485,5486,35,5500,5492,5493,1737,236,55,5497,5491,5495,42,2939,5496,5499,5494,1321,5498,5502,5488,5483,33,5487],"class_list":["post-7093","post","type-post","status-publish","format-video","has-post-thumbnail","hentry","category-grupo-de-capoeira-meia-lua","tag-1-07-gb","tag-associacao-de-capoeira-asca","tag-bairro-jardim-da-serra","tag-brasil","tag-caca-maria-do-carmo-teixeira-ferrari-coco","tag-capoeira-mestra-patricia-amorim","tag-capoeira-mestre-alexandre-jose-ribeiro-de-amorim","tag-capoeira-mestre-angoleiro","tag-capoeira-mestre-can-can-alexandre-juan-rabelo","tag-capoeira-mestre-coroa-mauro-delfino-da-silva-afoxe","tag-capoeira-mestre-danadinho-claudio-jose-pinheiro-villar-de-queiroz","tag-capoeira-mestre-jovirson-jose-milagres","tag-capoeira-mestre-kiko","tag-capoeira-mestre-polemico-professor-joao-couto-teixeira","tag-codigo-de-enderecamento-postal-cep-36-039-110","tag-david-teixeira-irsigler-reco-reco","tag-flavia-lima-pandeiro","tag-grupo-de-capoeira-meia-lua-fundado-em-29-de-maio-de-1962","tag-instituto-de-educacao-socioambiental-iesambi","tag-juiz-de-fora","tag-kiko-ricardo-resende-ladeira-gravacao-e-mixagem","tag-kim-assis-flauta-g-e-pios","tag-leonardo-teixeira-goncalves-edicao-e-arte-grafica","tag-minas-gerais-mg","tag-nave-estudio","tag-nono-jose-bispo-copiagem","tag-numero-320","tag-paulo-sergio-talarico-pintura","tag-quinho-henrique-couto-teixeira-congas","tag-rua-natal","tag-sabado-29-de-abril-de-2017","tag-tevo-estevao-couto-teixeira-flauta-c","tag-universidade-da-capoeira-unicapoeira-2","tag-universidade-livre-de-estudos-culturais-da-capoeira","tag-xico-francisco-couto-teixeira-pandeiro-e-percussao","post_format-post-format-video"],"_links":{"self":[{"href":"https:\/\/universidadedacapoeira.com\/index.php\/wp-json\/wp\/v2\/posts\/7093","targetHints":{"allow":["GET"]}}],"collection":[{"href":"https:\/\/universidadedacapoeira.com\/index.php\/wp-json\/wp\/v2\/posts"}],"about":[{"href":"https:\/\/universidadedacapoeira.com\/index.php\/wp-json\/wp\/v2\/types\/post"}],"author":[{"embeddable":true,"href":"https:\/\/universidadedacapoeira.com\/index.php\/wp-json\/wp\/v2\/users\/2"}],"replies":[{"embeddable":true,"href":"https:\/\/universidadedacapoeira.com\/index.php\/wp-json\/wp\/v2\/comments?post=7093"}],"version-history":[{"count":1,"href":"https:\/\/universidadedacapoeira.com\/index.php\/wp-json\/wp\/v2\/posts\/7093\/revisions"}],"predecessor-version":[{"id":7095,"href":"https:\/\/universidadedacapoeira.com\/index.php\/wp-json\/wp\/v2\/posts\/7093\/revisions\/7095"}],"wp:featuredmedia":[{"embeddable":true,"href":"https:\/\/universidadedacapoeira.com\/index.php\/wp-json\/wp\/v2\/media\/7094"}],"wp:attachment":[{"href":"https:\/\/universidadedacapoeira.com\/index.php\/wp-json\/wp\/v2\/media?parent=7093"}],"wp:term":[{"taxonomy":"category","embeddable":true,"href":"https:\/\/universidadedacapoeira.com\/index.php\/wp-json\/wp\/v2\/categories?post=7093"},{"taxonomy":"post_tag","embeddable":true,"href":"https:\/\/universidadedacapoeira.com\/index.php\/wp-json\/wp\/v2\/tags?post=7093"}],"curies":[{"name":"wp","href":"https:\/\/api.w.org\/{rel}","templated":true}]}}