{"id":7050,"date":"2023-06-14T16:59:32","date_gmt":"2023-06-14T19:59:32","guid":{"rendered":"http:\/\/universidadedacapoeira.com\/?p=7050"},"modified":"2023-06-14T16:59:33","modified_gmt":"2023-06-14T19:59:33","slug":"joao-pedro-dos-santos-faria-e-nicolas-matos-unicapoeira-meia-lua-na-escola-vianna-junior-juiz-de-fora-brasil-mestre-polemico-img_7490-796-gb-18h06-06dez22","status":"publish","type":"post","link":"https:\/\/universidadedacapoeira.com\/index.php\/2023\/06\/14\/joao-pedro-dos-santos-faria-e-nicolas-matos-unicapoeira-meia-lua-na-escola-vianna-junior-juiz-de-fora-brasil-mestre-polemico-img_7490-796-gb-18h06-06dez22\/","title":{"rendered":"Jo\u00e3o Pedro dos Santos Faria e Nicolas Matos. UNICAPOEIRA MEIA LUA na Escola Vianna J\u00fanior, Juiz de Fora, Brasil. Mestre Pol\u00eamico. IMG_7490. 7,96 GB. 18h06. 06Dez22"},"content":{"rendered":"\n<figure class=\"wp-block-embed is-type-video is-provider-youtube wp-block-embed-youtube wp-embed-aspect-16-9 wp-has-aspect-ratio\"><div class=\"wp-block-embed__wrapper\">\n<iframe loading=\"lazy\" title=\"UNICAPOEIRA na Escola MEIA LUA: Instituto Vianna J\u00fanior. Pol\u00eamico, Jo\u00e3o Pedro, N\u00edcolas. 8 GB\/06Dez22\" width=\"500\" height=\"281\" src=\"https:\/\/www.youtube.com\/embed\/jx1JNXPRTiA?feature=oembed\" frameborder=\"0\" allow=\"accelerometer; autoplay; clipboard-write; encrypted-media; gyroscope; picture-in-picture; web-share\" referrerpolicy=\"strict-origin-when-cross-origin\" allowfullscreen><\/iframe>\n<\/div><\/figure>\n","protected":false},"excerpt":{"rendered":"<p>Universidade Livre de Estudos Culturais da Capoeira &#8211; Universidade da Capoeira &#8211; UNICAPOEIRA, Instituto de Educa\u00e7\u00e3o Socioambiental &#8211; IESAMBI, Grupo de Capoeira Meia Lua na Escola &#8211; Fundado em 29 de Maio de 1962 e Associa\u00e7\u00e3o de Capoeira &#8211; ASCA. Mestre Pol\u00eamico &#8211; Professor Jo\u00e3o Couto Teixeira. Discentes Jo\u00e3o Pedro dos Santos Faria e Nicolas Matos. Instituto Vianna J\u00fanior, Avenida dos Andradas, N\u00famero 415, Bairro Jardim Gl\u00f3ria, Juiz de Fora, Minas Gerais\/MG, Brasil. Registro de Capoeira Mestre Pol\u00eamico &#8211; Professor Jo\u00e3o Couto Teixeira. IMG_7490. 7,96 GB. 18h06. Ter\u00e7a-feira, 06 de Dezembro de 2022. HD 1080p.<\/p>\n","protected":false},"author":2,"featured_media":7051,"comment_status":"open","ping_status":"open","sticky":false,"template":"","format":"video","meta":{"footnotes":""},"categories":[4677],"tags":[4285,5423,2605,4242,4244,43,35,5238,5310,3811,1742,5422,236,4137,55,237,4243,519,5424,411],"class_list":["post-7050","post","type-post","status-publish","format-video","has-post-thumbnail","hentry","category-grupo-de-capoeira-meia-lua","tag-18h06","tag-7-96-gb","tag-associacao-de-capoeira-asca","tag-avenida-dos-andradas","tag-bairro-jardim-gloria","tag-brasil","tag-capoeira-mestre-polemico-professor-joao-couto-teixeira","tag-discente-joao-pedro-dos-santos-faria","tag-discente-nicolas-matos-2","tag-grupo-de-capoeira-meia-lua-na-escola-fundado-em-29-de-maio-de-1962","tag-hd-1080p","tag-img_7490","tag-instituto-de-educacao-socioambiental-iesambi","tag-instituto-vianna-junior","tag-juiz-de-fora","tag-minas-gerais-mg-3","tag-numero-415","tag-registro-de-capoeira-mestre-polemico-professor-joao-couto-teixeira","tag-terca-feira-06-de-dezembro-de-2022","tag-universidade-livre-de-estudos-culturais-da-capoeira-universidade-da-capoeira-unicapoeira","post_format-post-format-video"],"_links":{"self":[{"href":"https:\/\/universidadedacapoeira.com\/index.php\/wp-json\/wp\/v2\/posts\/7050","targetHints":{"allow":["GET"]}}],"collection":[{"href":"https:\/\/universidadedacapoeira.com\/index.php\/wp-json\/wp\/v2\/posts"}],"about":[{"href":"https:\/\/universidadedacapoeira.com\/index.php\/wp-json\/wp\/v2\/types\/post"}],"author":[{"embeddable":true,"href":"https:\/\/universidadedacapoeira.com\/index.php\/wp-json\/wp\/v2\/users\/2"}],"replies":[{"embeddable":true,"href":"https:\/\/universidadedacapoeira.com\/index.php\/wp-json\/wp\/v2\/comments?post=7050"}],"version-history":[{"count":1,"href":"https:\/\/universidadedacapoeira.com\/index.php\/wp-json\/wp\/v2\/posts\/7050\/revisions"}],"predecessor-version":[{"id":7052,"href":"https:\/\/universidadedacapoeira.com\/index.php\/wp-json\/wp\/v2\/posts\/7050\/revisions\/7052"}],"wp:featuredmedia":[{"embeddable":true,"href":"https:\/\/universidadedacapoeira.com\/index.php\/wp-json\/wp\/v2\/media\/7051"}],"wp:attachment":[{"href":"https:\/\/universidadedacapoeira.com\/index.php\/wp-json\/wp\/v2\/media?parent=7050"}],"wp:term":[{"taxonomy":"category","embeddable":true,"href":"https:\/\/universidadedacapoeira.com\/index.php\/wp-json\/wp\/v2\/categories?post=7050"},{"taxonomy":"post_tag","embeddable":true,"href":"https:\/\/universidadedacapoeira.com\/index.php\/wp-json\/wp\/v2\/tags?post=7050"}],"curies":[{"name":"wp","href":"https:\/\/api.w.org\/{rel}","templated":true}]}}