{"id":7035,"date":"2023-04-20T18:53:20","date_gmt":"2023-04-20T21:53:20","guid":{"rendered":"http:\/\/universidadedacapoeira.com\/?p=7035"},"modified":"2023-04-20T18:53:21","modified_gmt":"2023-04-20T21:53:21","slug":"mestre-cuite-glaucio-anacleto-de-almeida-e-amigos-espaco-cultural-dnar-rocha-juiz-de-fora-img_7469-0385-188-gb-03dez22","status":"publish","type":"post","link":"https:\/\/universidadedacapoeira.com\/index.php\/2023\/04\/20\/mestre-cuite-glaucio-anacleto-de-almeida-e-amigos-espaco-cultural-dnar-rocha-juiz-de-fora-img_7469-0385-188-gb-03dez22\/","title":{"rendered":"Mestre Cuit\u00e9 &#8211; Gl\u00e1ucio Anacleto de Almeida e Amigos. Espa\u00e7o Cultural Dnar Rocha, Juiz de Fora. IMG_7469\/0385. 18,8 GB. 03Dez22"},"content":{"rendered":"\n<figure class=\"wp-block-embed is-type-video is-provider-youtube wp-block-embed-youtube wp-embed-aspect-16-9 wp-has-aspect-ratio\"><div class=\"wp-block-embed__wrapper\">\n<iframe loading=\"lazy\" title=\"UNICAPOEIRA: Roda de Mestre Cuit\u00e9 - Gl\u00e1ucio Anacleto de Almeida e Amigos. IMG_7469. 18,8 GB. 03Dez22\" width=\"500\" height=\"281\" src=\"https:\/\/www.youtube.com\/embed\/RL-yK4nvhhE?feature=oembed\" frameborder=\"0\" allow=\"accelerometer; autoplay; clipboard-write; encrypted-media; gyroscope; picture-in-picture; web-share\" referrerpolicy=\"strict-origin-when-cross-origin\" allowfullscreen><\/iframe>\n<\/div><\/figure>\n","protected":false},"excerpt":{"rendered":"<p>Universidade Livre de Estudos Culturais da Capoeira &#8211; Universidade da Capoeira &#8211; UNICAPOEIRA, Associa\u00e7\u00e3o de Capoeira &#8211; ASCA, Instituto de Educa\u00e7\u00e3o Socioambiental &#8211; IESAMBI e Grupo de Capoeira Meia Lua &#8211; Fundado em 29 de Maio de 1962. Mestre Cuit\u00e9 &#8211; Gl\u00e1ucio Anacleto de Almeida e Amigos. Espa\u00e7o Cultural Dnar Rocha, Rua Mariano Proc\u00f3pio, 973, Bairro Jardim Gl\u00f3ria,  Juiz de Fora, Minas Gerais\/MG, Brasil. Registro de Capoeira Mestre Pol\u00eamico &#8211; Professor Jo\u00e3o Couto Teixeira. IMG_7469\/0385. 18,8 GB. 15h00\/18h12. S\u00e1bado, 03 de Dezembro de 2022. HD 1080p.<\/p>\n","protected":false},"author":2,"featured_media":7036,"comment_status":"open","ping_status":"open","sticky":false,"template":"","format":"video","meta":{"footnotes":""},"categories":[4729],"tags":[5409,5408,5402,2605,4244,43,5401,1737,1742,5404,236,55,5400,237,519,5403,5406,411],"class_list":["post-7035","post","type-post","status-publish","format-video","has-post-thumbnail","hentry","category-capoeira","tag-15h00-18h12","tag-18-8-gb","tag-5402","tag-associacao-de-capoeira-asca","tag-bairro-jardim-gloria","tag-brasil","tag-espaco-cultural-dnar-rocha","tag-grupo-de-capoeira-meia-lua-fundado-em-29-de-maio-de-1962","tag-hd-1080p","tag-img_7469-0385","tag-instituto-de-educacao-socioambiental-iesambi","tag-juiz-de-fora","tag-mestre-cuite-glaucio-anacleto-de-almeida-e-amigos","tag-minas-gerais-mg-3","tag-registro-de-capoeira-mestre-polemico-professor-joao-couto-teixeira","tag-rua-mariano-procopio","tag-sabado-03-de-dezembro-de-2022","tag-universidade-livre-de-estudos-culturais-da-capoeira-universidade-da-capoeira-unicapoeira","post_format-post-format-video"],"_links":{"self":[{"href":"https:\/\/universidadedacapoeira.com\/index.php\/wp-json\/wp\/v2\/posts\/7035","targetHints":{"allow":["GET"]}}],"collection":[{"href":"https:\/\/universidadedacapoeira.com\/index.php\/wp-json\/wp\/v2\/posts"}],"about":[{"href":"https:\/\/universidadedacapoeira.com\/index.php\/wp-json\/wp\/v2\/types\/post"}],"author":[{"embeddable":true,"href":"https:\/\/universidadedacapoeira.com\/index.php\/wp-json\/wp\/v2\/users\/2"}],"replies":[{"embeddable":true,"href":"https:\/\/universidadedacapoeira.com\/index.php\/wp-json\/wp\/v2\/comments?post=7035"}],"version-history":[{"count":1,"href":"https:\/\/universidadedacapoeira.com\/index.php\/wp-json\/wp\/v2\/posts\/7035\/revisions"}],"predecessor-version":[{"id":7037,"href":"https:\/\/universidadedacapoeira.com\/index.php\/wp-json\/wp\/v2\/posts\/7035\/revisions\/7037"}],"wp:featuredmedia":[{"embeddable":true,"href":"https:\/\/universidadedacapoeira.com\/index.php\/wp-json\/wp\/v2\/media\/7036"}],"wp:attachment":[{"href":"https:\/\/universidadedacapoeira.com\/index.php\/wp-json\/wp\/v2\/media?parent=7035"}],"wp:term":[{"taxonomy":"category","embeddable":true,"href":"https:\/\/universidadedacapoeira.com\/index.php\/wp-json\/wp\/v2\/categories?post=7035"},{"taxonomy":"post_tag","embeddable":true,"href":"https:\/\/universidadedacapoeira.com\/index.php\/wp-json\/wp\/v2\/tags?post=7035"}],"curies":[{"name":"wp","href":"https:\/\/api.w.org\/{rel}","templated":true}]}}