{"id":6931,"date":"2023-04-15T17:55:38","date_gmt":"2023-04-15T20:55:38","guid":{"rendered":"http:\/\/universidadedacapoeira.com\/?p=6931"},"modified":"2023-04-15T17:55:38","modified_gmt":"2023-04-15T20:55:38","slug":"ave-topete-casal-e-borboletao-tiguera-juiz-de-fora-img_9796-1946-mb-05nov22","status":"publish","type":"post","link":"https:\/\/universidadedacapoeira.com\/index.php\/2023\/04\/15\/ave-topete-casal-e-borboletao-tiguera-juiz-de-fora-img_9796-1946-mb-05nov22\/","title":{"rendered":"Ave Topete Casal e Borbolet\u00e3o. Tig\u00fc\u00e9ra, Juiz de Fora. IMG_9796. 194,6 MB. 05Nov22"},"content":{"rendered":"\n<figure class=\"wp-block-embed is-type-video is-provider-youtube wp-block-embed-youtube wp-embed-aspect-16-9 wp-has-aspect-ratio\"><div class=\"wp-block-embed__wrapper\">\n<iframe loading=\"lazy\" title=\"Ave: Casal  com Topete e Borbolet\u00e3o. Tig\u00fc\u00e9ra 360, Juiz de Fora, Brasil. IMG_9796. 197,6 MB. 05Nov22\" width=\"500\" height=\"281\" src=\"https:\/\/www.youtube.com\/embed\/wWtoByMckNg?feature=oembed\" frameborder=\"0\" allow=\"accelerometer; autoplay; clipboard-write; encrypted-media; gyroscope; picture-in-picture; web-share\" referrerpolicy=\"strict-origin-when-cross-origin\" allowfullscreen><\/iframe>\n<\/div><\/figure>\n","protected":false},"excerpt":{"rendered":"<p>Universidade Livre de Estudos Culturais da Capoeira &#8211; Universidade da Capoeira &#8211; UNICAPOEIRA, Associa\u00e7\u00e3o de Capoeira &#8211; ASCA, Instituto de Educa\u00e7\u00e3o Socioambiental &#8211; IESAMBI e Grupo de Capoeira Meia Lua &#8211; Fundado em 29 de Maio de 1962. Ave Topete Casal e Borbolet\u00e3o. Sede Residencial, Tig\u00fc\u00e9ra, Juiz de Fora, Minas Gerais\/MG, Brasil. Registro de Capoeira Mestre Pol\u00eamico &#8211; Professor Jo\u00e3o Couto Teixeira. IMG_9796. 194,6 MB. 12h23. S\u00e1bado, 05 de Novembro de 2022. HD 1080p.<\/p>\n","protected":false},"author":2,"featured_media":6932,"comment_status":"open","ping_status":"open","sticky":false,"template":"","format":"video","meta":{"footnotes":""},"categories":[4722],"tags":[1059,1353,2605,5275,43,1737,1742,5276,236,55,237,519,5224,648,4648,411],"class_list":["post-6931","post","type-post","status-publish","format-video","has-post-thumbnail","hentry","category-animais","tag-12h23","tag-194-6-mb","tag-associacao-de-capoeira-asca","tag-ave-topete-casal-e-borboletao","tag-brasil","tag-grupo-de-capoeira-meia-lua-fundado-em-29-de-maio-de-1962","tag-hd-1080p","tag-img_9796","tag-instituto-de-educacao-socioambiental-iesambi","tag-juiz-de-fora","tag-minas-gerais-mg-3","tag-registro-de-capoeira-mestre-polemico-professor-joao-couto-teixeira","tag-sabado-05-de-novembro-de-2022","tag-sede-residencial","tag-tiguera-2","tag-universidade-livre-de-estudos-culturais-da-capoeira-universidade-da-capoeira-unicapoeira","post_format-post-format-video"],"_links":{"self":[{"href":"https:\/\/universidadedacapoeira.com\/index.php\/wp-json\/wp\/v2\/posts\/6931","targetHints":{"allow":["GET"]}}],"collection":[{"href":"https:\/\/universidadedacapoeira.com\/index.php\/wp-json\/wp\/v2\/posts"}],"about":[{"href":"https:\/\/universidadedacapoeira.com\/index.php\/wp-json\/wp\/v2\/types\/post"}],"author":[{"embeddable":true,"href":"https:\/\/universidadedacapoeira.com\/index.php\/wp-json\/wp\/v2\/users\/2"}],"replies":[{"embeddable":true,"href":"https:\/\/universidadedacapoeira.com\/index.php\/wp-json\/wp\/v2\/comments?post=6931"}],"version-history":[{"count":1,"href":"https:\/\/universidadedacapoeira.com\/index.php\/wp-json\/wp\/v2\/posts\/6931\/revisions"}],"predecessor-version":[{"id":6933,"href":"https:\/\/universidadedacapoeira.com\/index.php\/wp-json\/wp\/v2\/posts\/6931\/revisions\/6933"}],"wp:featuredmedia":[{"embeddable":true,"href":"https:\/\/universidadedacapoeira.com\/index.php\/wp-json\/wp\/v2\/media\/6932"}],"wp:attachment":[{"href":"https:\/\/universidadedacapoeira.com\/index.php\/wp-json\/wp\/v2\/media?parent=6931"}],"wp:term":[{"taxonomy":"category","embeddable":true,"href":"https:\/\/universidadedacapoeira.com\/index.php\/wp-json\/wp\/v2\/categories?post=6931"},{"taxonomy":"post_tag","embeddable":true,"href":"https:\/\/universidadedacapoeira.com\/index.php\/wp-json\/wp\/v2\/tags?post=6931"}],"curies":[{"name":"wp","href":"https:\/\/api.w.org\/{rel}","templated":true}]}}