{"id":6903,"date":"2023-04-15T10:38:54","date_gmt":"2023-04-15T13:38:54","guid":{"rendered":"http:\/\/universidadedacapoeira.com\/?p=6903"},"modified":"2023-04-15T10:38:54","modified_gmt":"2023-04-15T13:38:54","slug":"mestre-polemico-professor-joao-couto-teixeira-discentes-agata-siqueira-de-oliveira-lira-enzo-carvalho-costa-salimena-joao-pedro-dos-santos-faria-e-nicolas-matos-instituto-vianna-junior-juiz-de","status":"publish","type":"post","link":"https:\/\/universidadedacapoeira.com\/index.php\/2023\/04\/15\/mestre-polemico-professor-joao-couto-teixeira-discentes-agata-siqueira-de-oliveira-lira-enzo-carvalho-costa-salimena-joao-pedro-dos-santos-faria-e-nicolas-matos-instituto-vianna-junior-juiz-de\/","title":{"rendered":"Mestre Pol\u00eamico &#8211; Professor Jo\u00e3o Couto Teixeira. Discentes \u00c1gata Siqueira de Oliveira Lira, Enzo Carvalho Costa Salimena, Jo\u00e3o Pedro dos Santos Faria e N\u00edcolas Matos. Instituto Vianna J\u00fanior, Juiz de Fora. IMG_7150. 8,51 GB. 08Nov22"},"content":{"rendered":"\n<figure class=\"wp-block-embed is-type-video is-provider-youtube wp-block-embed-youtube wp-embed-aspect-16-9 wp-has-aspect-ratio\"><div class=\"wp-block-embed__wrapper\">\n<iframe loading=\"lazy\" title=\"UNICAPOEIRA Escola Vianna J\u00fanior: MEIA LUA. Pol\u00eamico. \u00c1gatha, Enzo, Jo\u00e3o e Nicolas. 8,51 GB. 08Nov22\" width=\"500\" height=\"281\" src=\"https:\/\/www.youtube.com\/embed\/zLCMJlGMepw?feature=oembed\" frameborder=\"0\" allow=\"accelerometer; autoplay; clipboard-write; encrypted-media; gyroscope; picture-in-picture; web-share\" referrerpolicy=\"strict-origin-when-cross-origin\" allowfullscreen><\/iframe>\n<\/div><\/figure>\n","protected":false},"excerpt":{"rendered":"<p>Universidade Livre de Estudos Culturais da Capoeira &#8211; Universidade da Capoeira &#8211; UNICAPOEIRA, Instituto de Educa\u00e7\u00e3o Socioambiental &#8211; IESAMBI, Grupo de Capoeira Meia Lua na Escola &#8211; Fundado em 29 de Maio de 1962 e Associa\u00e7\u00e3o de Capoeira &#8211; ASCA. Mestre Pol\u00eamico &#8211; Professor Jo\u00e3o Couto Teixeira. Discentes \u00c1gata Siqueira de Oliveira Lira, Enzo Carvalho Costa Salimena, Jo\u00e3o Pedro dos Santos Faria e N\u00edcolas Matos. Instituto Vianna J\u00fanior, Avenida dos Andradas, N\u00famero 415, Bairro Jardim Gl\u00f3ria, Juiz de Fora, Minas Gerais\/MG, Brasil. Registro de Capoeira Mestre Pol\u00eamico &#8211; Professor Jo\u00e3o Couto Teixeira. IMG_7150. 8,51 GB. 18h02. Ter\u00e7a-feira, 08 de Novembro de 2022. HD 1080p.<\/p>\n","protected":false},"author":2,"featured_media":6904,"comment_status":"open","ping_status":"open","sticky":false,"template":"","format":"video","meta":{"footnotes":""},"categories":[4677],"tags":[4454,5241,2605,4242,4244,43,5239,5236,5238,5237,3811,1742,5240,236,4137,55,838,237,4243,519,5242,411],"class_list":["post-6903","post","type-post","status-publish","format-video","has-post-thumbnail","hentry","category-grupo-de-capoeira-meia-lua","tag-18h02","tag-8-51-gb","tag-associacao-de-capoeira-asca","tag-avenida-dos-andradas","tag-bairro-jardim-gloria","tag-brasil","tag-discante-enzo-carvalho-costa-salimena","tag-discente-agata-siqueira-de-oliveira-lira","tag-discente-joao-pedro-dos-santos-faria","tag-discente-nicolas-matos","tag-grupo-de-capoeira-meia-lua-na-escola-fundado-em-29-de-maio-de-1962","tag-hd-1080p","tag-img_7150","tag-instituto-de-educacao-socioambiental-iesambi","tag-instituto-vianna-junior","tag-juiz-de-fora","tag-mestre-polemico-professor-joao-couto-teixeira","tag-minas-gerais-mg-3","tag-numero-415","tag-registro-de-capoeira-mestre-polemico-professor-joao-couto-teixeira","tag-terca-feira-08-de-novembro-de-2022","tag-universidade-livre-de-estudos-culturais-da-capoeira-universidade-da-capoeira-unicapoeira","post_format-post-format-video"],"_links":{"self":[{"href":"https:\/\/universidadedacapoeira.com\/index.php\/wp-json\/wp\/v2\/posts\/6903","targetHints":{"allow":["GET"]}}],"collection":[{"href":"https:\/\/universidadedacapoeira.com\/index.php\/wp-json\/wp\/v2\/posts"}],"about":[{"href":"https:\/\/universidadedacapoeira.com\/index.php\/wp-json\/wp\/v2\/types\/post"}],"author":[{"embeddable":true,"href":"https:\/\/universidadedacapoeira.com\/index.php\/wp-json\/wp\/v2\/users\/2"}],"replies":[{"embeddable":true,"href":"https:\/\/universidadedacapoeira.com\/index.php\/wp-json\/wp\/v2\/comments?post=6903"}],"version-history":[{"count":1,"href":"https:\/\/universidadedacapoeira.com\/index.php\/wp-json\/wp\/v2\/posts\/6903\/revisions"}],"predecessor-version":[{"id":6905,"href":"https:\/\/universidadedacapoeira.com\/index.php\/wp-json\/wp\/v2\/posts\/6903\/revisions\/6905"}],"wp:featuredmedia":[{"embeddable":true,"href":"https:\/\/universidadedacapoeira.com\/index.php\/wp-json\/wp\/v2\/media\/6904"}],"wp:attachment":[{"href":"https:\/\/universidadedacapoeira.com\/index.php\/wp-json\/wp\/v2\/media?parent=6903"}],"wp:term":[{"taxonomy":"category","embeddable":true,"href":"https:\/\/universidadedacapoeira.com\/index.php\/wp-json\/wp\/v2\/categories?post=6903"},{"taxonomy":"post_tag","embeddable":true,"href":"https:\/\/universidadedacapoeira.com\/index.php\/wp-json\/wp\/v2\/tags?post=6903"}],"curies":[{"name":"wp","href":"https:\/\/api.w.org\/{rel}","templated":true}]}}