{"id":6881,"date":"2023-04-14T11:53:04","date_gmt":"2023-04-14T14:53:04","guid":{"rendered":"http:\/\/universidadedacapoeira.com\/?p=6881"},"modified":"2023-04-14T11:53:04","modified_gmt":"2023-04-14T14:53:04","slug":"apostolado-da-oracao-reuniao-salao-paroquial-igreja-nossa-senhora-mae-de-deus-img_7064-599-gb-04nov22","status":"publish","type":"post","link":"https:\/\/universidadedacapoeira.com\/index.php\/2023\/04\/14\/apostolado-da-oracao-reuniao-salao-paroquial-igreja-nossa-senhora-mae-de-deus-img_7064-599-gb-04nov22\/","title":{"rendered":"Apostolado da Ora\u00e7\u00e3o. Reuni\u00e3o. Sal\u00e3o Paroquial, Igreja Nossa Senhora M\u00e3e de Deus. IMG_7064. 5,99 GB. 04Nov22"},"content":{"rendered":"\n<figure class=\"wp-block-embed is-type-video is-provider-youtube wp-block-embed-youtube wp-embed-aspect-16-9 wp-has-aspect-ratio\"><div class=\"wp-block-embed__wrapper\">\n<iframe loading=\"lazy\" title=\"Apostolado da Ora\u00e7\u00e3o: Forania Nossa Senhora M\u00e3e de Deus Juiz de Fora, MG. IMG_7064. 5,99 GB. 04Nov22\" width=\"500\" height=\"281\" src=\"https:\/\/www.youtube.com\/embed\/9WUDY1xI6TE?feature=oembed\" frameborder=\"0\" allow=\"accelerometer; autoplay; clipboard-write; encrypted-media; gyroscope; picture-in-picture; web-share\" referrerpolicy=\"strict-origin-when-cross-origin\" allowfullscreen><\/iframe>\n<\/div><\/figure>\n","protected":false},"excerpt":{"rendered":"<p>Universidade Livre de Estudos Culturais da Capoeira &#8211; Universidade da Capoeira &#8211; UNICAPOEIRA, Instituto de Educa\u00e7\u00e3o Socioambiental &#8211; IESAMBI, Grupo de Capoeira Meia Lua &#8211; Fundado em 29 de Maio de 1962 e Associa\u00e7\u00e3o de Capoeira &#8211; ASCA. Reuni\u00e3o do Apostolado da Ora\u00e7\u00e3o. Sal\u00e3o Paroquial, Igreja Nossa Senhora M\u00e3e de Deus, Bairro de Lourdes, Juiz de Fora, Minas Gerais\/MG, Brasil. Registro de Capoeira Mestre Pol\u00eamico &#8211; Professor Jo\u00e3o Couto Teixeira. IMG_7064. 5,99 GB. 16h10. Sexta-feira, 04 de Novembro de 2022. HD 1080p.<\/p>\n","protected":false},"author":2,"featured_media":6882,"comment_status":"open","ping_status":"open","sticky":false,"template":"","format":"video","meta":{"footnotes":""},"categories":[4673],"tags":[4825,5211,2605,3046,43,1737,1742,4196,5210,236,55,237,519,5209,4822,5208,411],"class_list":["post-6881","post","type-post","status-publish","format-video","has-post-thumbnail","hentry","category-apostolado-da-oracao","tag-16h10","tag-5-99-gb","tag-associacao-de-capoeira-asca","tag-bairro-de-lourdes","tag-brasil","tag-grupo-de-capoeira-meia-lua-fundado-em-29-de-maio-de-1962","tag-hd-1080p","tag-igreja-nossa-senhora-mae-de-deus","tag-img_7064","tag-instituto-de-educacao-socioambiental-iesambi","tag-juiz-de-fora","tag-minas-gerais-mg-3","tag-registro-de-capoeira-mestre-polemico-professor-joao-couto-teixeira","tag-reuniao-do-apostolado-da-oracao","tag-salao-paroquial","tag-sexta-feira-04-de-novembro-de-2022","tag-universidade-livre-de-estudos-culturais-da-capoeira-universidade-da-capoeira-unicapoeira","post_format-post-format-video"],"_links":{"self":[{"href":"https:\/\/universidadedacapoeira.com\/index.php\/wp-json\/wp\/v2\/posts\/6881","targetHints":{"allow":["GET"]}}],"collection":[{"href":"https:\/\/universidadedacapoeira.com\/index.php\/wp-json\/wp\/v2\/posts"}],"about":[{"href":"https:\/\/universidadedacapoeira.com\/index.php\/wp-json\/wp\/v2\/types\/post"}],"author":[{"embeddable":true,"href":"https:\/\/universidadedacapoeira.com\/index.php\/wp-json\/wp\/v2\/users\/2"}],"replies":[{"embeddable":true,"href":"https:\/\/universidadedacapoeira.com\/index.php\/wp-json\/wp\/v2\/comments?post=6881"}],"version-history":[{"count":1,"href":"https:\/\/universidadedacapoeira.com\/index.php\/wp-json\/wp\/v2\/posts\/6881\/revisions"}],"predecessor-version":[{"id":6883,"href":"https:\/\/universidadedacapoeira.com\/index.php\/wp-json\/wp\/v2\/posts\/6881\/revisions\/6883"}],"wp:featuredmedia":[{"embeddable":true,"href":"https:\/\/universidadedacapoeira.com\/index.php\/wp-json\/wp\/v2\/media\/6882"}],"wp:attachment":[{"href":"https:\/\/universidadedacapoeira.com\/index.php\/wp-json\/wp\/v2\/media?parent=6881"}],"wp:term":[{"taxonomy":"category","embeddable":true,"href":"https:\/\/universidadedacapoeira.com\/index.php\/wp-json\/wp\/v2\/categories?post=6881"},{"taxonomy":"post_tag","embeddable":true,"href":"https:\/\/universidadedacapoeira.com\/index.php\/wp-json\/wp\/v2\/tags?post=6881"}],"curies":[{"name":"wp","href":"https:\/\/api.w.org\/{rel}","templated":true}]}}