{"id":6806,"date":"2023-02-24T15:14:42","date_gmt":"2023-02-24T18:14:42","guid":{"rendered":"http:\/\/universidadedacapoeira.com\/?p=6806"},"modified":"2023-02-24T15:14:43","modified_gmt":"2023-02-24T18:14:43","slug":"universidade-livre-de-estudos-culturais-da-capoeira-universidade-da-capoeira-unicapoeira-instituto-de-educacao-socioambiental-iesambi-grupo-de-capoeira-meia-lua-na-escola-fundado-em-29-de-ma-68","status":"publish","type":"post","link":"https:\/\/universidadedacapoeira.com\/index.php\/2023\/02\/24\/universidade-livre-de-estudos-culturais-da-capoeira-universidade-da-capoeira-unicapoeira-instituto-de-educacao-socioambiental-iesambi-grupo-de-capoeira-meia-lua-na-escola-fundado-em-29-de-ma-68\/","title":{"rendered":"Universidade Livre de Estudos Culturais da Capoeira &#8211; Universidade da Capoeira &#8211; UNICAPOEIRA, Instituto de Educa\u00e7\u00e3o Socioambiental &#8211; IESAMBI, Grupo de Capoeira Meia Lua na Escola &#8211; Fundado em 29 de Maio de 1962 e Associa\u00e7\u00e3o de Capoeira &#8211; ASCA. Grupo Movimentos &#8211; 40 Anos. Mestre F\u00e1bio Parada. Roda no S\u00edtio. Itanha\u00e9m, S\u00e3o Paulo\/SP, Brasil. Registro de Capoeira Mestre Pol\u00eamico &#8211; Professor Jo\u00e3o Couto Teixeira. IMG_6901. 2,76 GB. 17h04. S\u00e1bado, 22 de Outubro de 2022. #CapoeiraMestreFabioParada #CapoeiraMestreEduardoStorti #CapoeiraMestreNiltonRibasMartinsJunior #CapoeiraMestreMarceloCunha #CapoeiraMestreMarcioSantos #CapoeiraMestreEliasFonseca #CapoeiraMestreBolhaMarceloAlmeida #CapoeiraMestreBistecaJos\u00e9LuizDaConcei\u00e7\u00e3oFrancisco #CapoeiraMestreGogoDeOuroRogerioFonseca #CapoeiraMestreJeffersonGomesNogueira #CapoeiraMestreFlexaRenatoPereiraGon\u00e7alves #CapoeiraMestreChinaEdmilsonSilva #CapoeiraMeestreBomSorrisoAndre #CapoeiraMestreGilo\u00c2ngeloFornazier #CapoeiraMestreCesarAugustoBarrosDosSantos #CapoeiraMestreAlexsandroDeRezendeCarvalho"},"content":{"rendered":"\n<figure class=\"wp-block-embed is-type-video is-provider-youtube wp-block-embed-youtube wp-embed-aspect-16-9 wp-has-aspect-ratio\"><div class=\"wp-block-embed__wrapper\">\n<iframe loading=\"lazy\" title=\"Movimentos: 40 Anos de Capoeira. Roda. S\u00edtio Mestre Parada, Itanha\u00e9m, SP. IMG_6901. 2,76 GB. 22Out22\" width=\"500\" height=\"281\" src=\"https:\/\/www.youtube.com\/embed\/T6mxpQN04jo?feature=oembed\" frameborder=\"0\" allow=\"accelerometer; autoplay; clipboard-write; encrypted-media; gyroscope; picture-in-picture; web-share\" referrerpolicy=\"strict-origin-when-cross-origin\" allowfullscreen><\/iframe>\n<\/div><\/figure>\n","protected":false},"excerpt":{"rendered":"<p>Universidade Livre de Estudos Culturais da Capoeira &#8211; Universidade da Capoeira &#8211; UNICAPOEIRA, Instituto de Educa\u00e7\u00e3o Socioambiental &#8211; IESAMBI, Grupo de Capoeira Meia Lua na Escola &#8211; Fundado em 29 de Maio de 1962 e Associa\u00e7\u00e3o de Capoeira &#8211; ASCA. Grupo Movimentos &#8211; 40 Anos.  Mestre F\u00e1bio Parada. Roda no S\u00edtio. Itanha\u00e9m, S\u00e3o Paulo\/SP, Brasil. Registro de Capoeira Mestre Pol\u00eamico &#8211; Professor Jo\u00e3o Couto Teixeira. IMG_6901. 2,76 GB. 17h04. S\u00e1bado, 22 de Outubro de 2022.<br \/>\n#CapoeiraMestreFabioParada<br \/>\n#CapoeiraMestreEduardoStorti<br \/>\n#CapoeiraMestreNiltonRibasMartinsJunior<br \/>\n#CapoeiraMestreMarceloCunha<br \/>\n#CapoeiraMestreMarcioSantos<br \/>\n#CapoeiraMestreEliasFonseca<br \/>\n#CapoeiraMestreBolhaMarceloAlmeida<br \/>\n#CapoeiraMestreBistecaJos\u00e9LuizDaConcei\u00e7\u00e3oFrancisco<br \/>\n#CapoeiraMestreGogoDeOuroRogerioFonseca<br \/>\n#CapoeiraMestreJeffersonGomesNogueira<br \/>\n#CapoeiraMestreFlexaRenatoPereiraGon\u00e7alves<br \/>\n#CapoeiraMestreChinaEdmilsonSilva<br \/>\n#CapoeiraMeestreBomSorrisoAndre<br \/>\n#CapoeiraMestreGilo\u00c2ngeloFornazier<br \/>\n#CapoeiraMestreCesarAugustoBarrosDosSantos<br \/>\n#CapoeiraMestreAlexsandroDeRezendeCarvalho<\/p>\n","protected":false},"author":2,"featured_media":6807,"comment_status":"open","ping_status":"open","sticky":false,"template":"","format":"video","meta":{"footnotes":""},"categories":[4729],"tags":[5075,5078,5069,5072,5079,5074,5064,5066,5063,5070,5076,5073,5071,5065,5068,5067,3370,966,2605,43,5160,3811,5163,5165,236,5077,519,5164,5110,3912,868,33],"class_list":["post-6806","post","type-post","status-publish","format-video","has-post-thumbnail","hentry","category-capoeira","tag-capoeirameestrebomsorrisoandre","tag-capoeiramestrealexsandroderezendecarvalho","tag-capoeiramestrebistecajoseluizdaconceicaofrancisco","tag-capoeiramestrebolhamarceloalmeida","tag-capoeiramestrecesaraugustobarrosdossantos","tag-capoeiramestrechinaedmilsonsilva","tag-capoeiramestreeduardostorti","tag-capoeiramestreeliasfonseca","tag-capoeiramestrefabioparada","tag-capoeiramestreflexarenatopereiragoncalves","tag-capoeiramestregiloangelofornazier","tag-capoeiramestregogodeourorogeriofonseca","tag-capoeiramestrejeffersongomesnogueira","tag-capoeiramestremarcelocunha","tag-capoeiramestremarciosantos","tag-capoeiramestreniltonribasmartinsjunior","tag-17h04","tag-2-76-gb","tag-associacao-de-capoeira-asca","tag-brasil","tag-capoeira-mestre-fabio-parada","tag-grupo-de-capoeira-meia-lua-na-escola-fundado-em-29-de-maio-de-1962","tag-grupo-movimentos-40-anos","tag-img_6901","tag-instituto-de-educacao-socioambiental-iesambi","tag-itanhaem","tag-registro-de-capoeira-mestre-polemico-professor-joao-couto-teixeira","tag-roda-no-sitio","tag-sabado-22-de-outubro-de-2022","tag-sao-paulo-sp","tag-universidade-da-capoeira-unicapoeira","tag-universidade-livre-de-estudos-culturais-da-capoeira","post_format-post-format-video"],"_links":{"self":[{"href":"https:\/\/universidadedacapoeira.com\/index.php\/wp-json\/wp\/v2\/posts\/6806","targetHints":{"allow":["GET"]}}],"collection":[{"href":"https:\/\/universidadedacapoeira.com\/index.php\/wp-json\/wp\/v2\/posts"}],"about":[{"href":"https:\/\/universidadedacapoeira.com\/index.php\/wp-json\/wp\/v2\/types\/post"}],"author":[{"embeddable":true,"href":"https:\/\/universidadedacapoeira.com\/index.php\/wp-json\/wp\/v2\/users\/2"}],"replies":[{"embeddable":true,"href":"https:\/\/universidadedacapoeira.com\/index.php\/wp-json\/wp\/v2\/comments?post=6806"}],"version-history":[{"count":1,"href":"https:\/\/universidadedacapoeira.com\/index.php\/wp-json\/wp\/v2\/posts\/6806\/revisions"}],"predecessor-version":[{"id":6808,"href":"https:\/\/universidadedacapoeira.com\/index.php\/wp-json\/wp\/v2\/posts\/6806\/revisions\/6808"}],"wp:featuredmedia":[{"embeddable":true,"href":"https:\/\/universidadedacapoeira.com\/index.php\/wp-json\/wp\/v2\/media\/6807"}],"wp:attachment":[{"href":"https:\/\/universidadedacapoeira.com\/index.php\/wp-json\/wp\/v2\/media?parent=6806"}],"wp:term":[{"taxonomy":"category","embeddable":true,"href":"https:\/\/universidadedacapoeira.com\/index.php\/wp-json\/wp\/v2\/categories?post=6806"},{"taxonomy":"post_tag","embeddable":true,"href":"https:\/\/universidadedacapoeira.com\/index.php\/wp-json\/wp\/v2\/tags?post=6806"}],"curies":[{"name":"wp","href":"https:\/\/api.w.org\/{rel}","templated":true}]}}