{"id":6776,"date":"2023-02-23T18:00:15","date_gmt":"2023-02-23T21:00:15","guid":{"rendered":"http:\/\/universidadedacapoeira.com\/?p=6776"},"modified":"2023-02-23T18:00:16","modified_gmt":"2023-02-23T21:00:16","slug":"universidade-livre-de-estudos-culturais-da-capoeira-universidade-da-capoeira-unicapoeira-instituto-de-educacao-socioambiental-iesambi-grupo-de-capoeira-meia-lua-na-escola-fundado-em-29-de-ma-58","status":"publish","type":"post","link":"https:\/\/universidadedacapoeira.com\/index.php\/2023\/02\/23\/universidade-livre-de-estudos-culturais-da-capoeira-universidade-da-capoeira-unicapoeira-instituto-de-educacao-socioambiental-iesambi-grupo-de-capoeira-meia-lua-na-escola-fundado-em-29-de-ma-58\/","title":{"rendered":"Universidade Livre de Estudos Culturais da Capoeira &#8211; Universidade da Capoeira &#8211; UNICAPOEIRA, Instituto de Educa\u00e7\u00e3o Socioambiental &#8211; IESAMBI, Grupo de Capoeira Meia Lua na Escola &#8211; Fundado em 29 de Maio de 1962 e Associa\u00e7\u00e3o de Capoeira &#8211; ASCA. Associa\u00e7\u00e3o Capoeira Movimentos &#8211; 40 Anos. Mestre Bolha &#8211; Marcelo Almeida. Itanha\u00e9m, S\u00e3o Paulo\/SP, Brasil. Registro de Capoeira Mestre Pol\u00eamico &#8211; Professor Jo\u00e3o Couto Teixeira. IMG_9022. 2,42 GB. 09h40. S\u00e1bado, 22 de Outubro de 2022. #AssociacaoCapoeiraMovimentos40Anos #CapoeiraMestreFabioParada #CapoeiraMestreEduardoStorti #CapoeiraMestreNiltonRibasMartinsJunior #CapoeiraMestreMarceloCunha #CapoeiraMestreMarcioSantos #CapoeiraMestreEliasFonseca #CapoeiraMestreBolhaMarceloAlmeida #CapoeiraMestreBistecaJos\u00e9LuizDaConcei\u00e7\u00e3oFrancisco #CapoeiraMestreGogoDeOuroRogerioFonseca #CapoeiraMestreJeffersonGomesNogueira #CapoeiraMestreFlexaRenatoPereiraGon\u00e7alves #CapoeiraMestreChinaEdmilsonSilva #CapoeiraMeestreBomSorrisoAndre #CapoeiraMestreGilo\u00c2ngeloFornazier #CapoeiraMestreCesarAugustoBarrosDosSantos #CapoeiraMestreAlexsandroDeRezendeCarvalho"},"content":{"rendered":"\n<p><\/p>\n\n\n\n<figure class=\"wp-block-embed is-type-video is-provider-youtube wp-block-embed-youtube wp-embed-aspect-16-9 wp-has-aspect-ratio\"><div class=\"wp-block-embed__wrapper\">\n<iframe loading=\"lazy\" title=\"Movimentos: 40 Anos de Capoeira. Mestre Bolha\/Marcelo Almeida. Itanha\u00e9m\/SP. IMG_9022. 2,4 GB\/22Out22\" width=\"500\" height=\"281\" src=\"https:\/\/www.youtube.com\/embed\/hM-lQxpEdUw?feature=oembed\" frameborder=\"0\" allow=\"accelerometer; autoplay; clipboard-write; encrypted-media; gyroscope; picture-in-picture; web-share\" referrerpolicy=\"strict-origin-when-cross-origin\" allowfullscreen><\/iframe>\n<\/div><\/figure>\n","protected":false},"excerpt":{"rendered":"<p>Universidade Livre de Estudos Culturais da Capoeira &#8211; Universidade da Capoeira &#8211; UNICAPOEIRA, Instituto de Educa\u00e7\u00e3o Socioambiental &#8211; IESAMBI, Grupo de Capoeira Meia Lua na Escola &#8211; Fundado em 29 de Maio de 1962 e Associa\u00e7\u00e3o de Capoeira &#8211; ASCA. Associa\u00e7\u00e3o Capoeira Movimentos &#8211; 40 Anos. Mestre Bolha &#8211; Marcelo Almeida. Itanha\u00e9m, S\u00e3o Paulo\/SP, Brasil. Registro de Capoeira Mestre Pol\u00eamico &#8211; Professor Jo\u00e3o Couto Teixeira. IMG_9022. 2,42 GB. 09h40. S\u00e1bado, 22 de Outubro de 2022.<br \/>\n#AssociacaoCapoeiraMovimentos40Anos<br \/>\n#CapoeiraMestreFabioParada<br \/>\n#CapoeiraMestreEduardoStorti<br \/>\n#CapoeiraMestreNiltonRibasMartinsJunior<br \/>\n#CapoeiraMestreMarceloCunha<br \/>\n#CapoeiraMestreMarcioSantos<br \/>\n#CapoeiraMestreEliasFonseca<br \/>\n#CapoeiraMestreBolhaMarceloAlmeida<br \/>\n#CapoeiraMestreBistecaJos\u00e9LuizDaConcei\u00e7\u00e3oFrancisco<br \/>\n#CapoeiraMestreGogoDeOuroRogerioFonseca<br \/>\n#CapoeiraMestreJeffersonGomesNogueira<br \/>\n#CapoeiraMestreFlexaRenatoPereiraGon\u00e7alves<br \/>\n#CapoeiraMestreChinaEdmilsonSilva<br \/>\n#CapoeiraMeestreBomSorrisoAndre<br \/>\n#CapoeiraMestreGilo\u00c2ngeloFornazier<br \/>\n#CapoeiraMestreCesarAugustoBarrosDosSantos<br \/>\n#CapoeiraMestreAlexsandroDeRezendeCarvalho<\/p>\n","protected":false},"author":2,"featured_media":6777,"comment_status":"open","ping_status":"open","sticky":false,"template":"","format":"video","meta":{"footnotes":""},"categories":[4729],"tags":[5075,5078,5069,5072,5079,5074,5064,5066,5063,5070,5076,5073,5071,5065,5068,5067,1817,2061,5129,2605,43,3811,5131,236,5077,5130,519,5132,3912,868,33],"class_list":["post-6776","post","type-post","status-publish","format-video","has-post-thumbnail","hentry","category-capoeira","tag-capoeirameestrebomsorrisoandre","tag-capoeiramestrealexsandroderezendecarvalho","tag-capoeiramestrebistecajoseluizdaconceicaofrancisco","tag-capoeiramestrebolhamarceloalmeida","tag-capoeiramestrecesaraugustobarrosdossantos","tag-capoeiramestrechinaedmilsonsilva","tag-capoeiramestreeduardostorti","tag-capoeiramestreeliasfonseca","tag-capoeiramestrefabioparada","tag-capoeiramestreflexarenatopereiragoncalves","tag-capoeiramestregiloangelofornazier","tag-capoeiramestregogodeourorogeriofonseca","tag-capoeiramestrejeffersongomesnogueira","tag-capoeiramestremarcelocunha","tag-capoeiramestremarciosantos","tag-capoeiramestreniltonribasmartinsjunior","tag-09h40","tag-2-42-gb","tag-associacao-capoeira-movimentos-40-anos","tag-associacao-de-capoeira-asca","tag-brasil","tag-grupo-de-capoeira-meia-lua-na-escola-fundado-em-29-de-maio-de-1962","tag-img_9022","tag-instituto-de-educacao-socioambiental-iesambi","tag-itanhaem","tag-mestre-bolha-marcelo-almeida","tag-registro-de-capoeira-mestre-polemico-professor-joao-couto-teixeira","tag-sabado-22-de-outubro-de-2022-associacaocapoeiramovimentos40anos","tag-sao-paulo-sp","tag-universidade-da-capoeira-unicapoeira","tag-universidade-livre-de-estudos-culturais-da-capoeira","post_format-post-format-video"],"_links":{"self":[{"href":"https:\/\/universidadedacapoeira.com\/index.php\/wp-json\/wp\/v2\/posts\/6776","targetHints":{"allow":["GET"]}}],"collection":[{"href":"https:\/\/universidadedacapoeira.com\/index.php\/wp-json\/wp\/v2\/posts"}],"about":[{"href":"https:\/\/universidadedacapoeira.com\/index.php\/wp-json\/wp\/v2\/types\/post"}],"author":[{"embeddable":true,"href":"https:\/\/universidadedacapoeira.com\/index.php\/wp-json\/wp\/v2\/users\/2"}],"replies":[{"embeddable":true,"href":"https:\/\/universidadedacapoeira.com\/index.php\/wp-json\/wp\/v2\/comments?post=6776"}],"version-history":[{"count":1,"href":"https:\/\/universidadedacapoeira.com\/index.php\/wp-json\/wp\/v2\/posts\/6776\/revisions"}],"predecessor-version":[{"id":6778,"href":"https:\/\/universidadedacapoeira.com\/index.php\/wp-json\/wp\/v2\/posts\/6776\/revisions\/6778"}],"wp:featuredmedia":[{"embeddable":true,"href":"https:\/\/universidadedacapoeira.com\/index.php\/wp-json\/wp\/v2\/media\/6777"}],"wp:attachment":[{"href":"https:\/\/universidadedacapoeira.com\/index.php\/wp-json\/wp\/v2\/media?parent=6776"}],"wp:term":[{"taxonomy":"category","embeddable":true,"href":"https:\/\/universidadedacapoeira.com\/index.php\/wp-json\/wp\/v2\/categories?post=6776"},{"taxonomy":"post_tag","embeddable":true,"href":"https:\/\/universidadedacapoeira.com\/index.php\/wp-json\/wp\/v2\/tags?post=6776"}],"curies":[{"name":"wp","href":"https:\/\/api.w.org\/{rel}","templated":true}]}}