{"id":6654,"date":"2023-02-18T14:33:30","date_gmt":"2023-02-18T17:33:30","guid":{"rendered":"http:\/\/universidadedacapoeira.com\/?p=6654"},"modified":"2023-02-18T14:33:31","modified_gmt":"2023-02-18T17:33:31","slug":"universidade-livre-de-estudos-culturais-da-capoeira-universidade-da-capoeira-unicapoeira-instituto-de-educacao-socioambiental-iesambi-grupo-de-capoeira-meia-lua-fundado-em-29-de-maio-de-1962-131","status":"publish","type":"post","link":"https:\/\/universidadedacapoeira.com\/index.php\/2023\/02\/18\/universidade-livre-de-estudos-culturais-da-capoeira-universidade-da-capoeira-unicapoeira-instituto-de-educacao-socioambiental-iesambi-grupo-de-capoeira-meia-lua-fundado-em-29-de-maio-de-1962-131\/","title":{"rendered":"Universidade Livre de Estudos Culturais da Capoeira &#8211; Universidade da Capoeira &#8211; UNICAPOEIRA, Instituto de Educa\u00e7\u00e3o Socioambiental &#8211; IESAMBI, Grupo de Capoeira Meia Lua &#8211; Fundado em 29 de Maio de 1962 e Associa\u00e7\u00e3o de Capoeira &#8211; ASCA. Celebra\u00e7\u00e3o Eucar\u00edstica. Padre Jos\u00e9 Dom\u00edcio Ferreira da Silva. Novena da Natividade de Nossa Senhora M\u00e3e de Deus. Nono Dia. Pastoral da M\u00fasica: Deusimar, Evelyn, Geovani, Ludmila e Luiz. Igreja Nossa Senhora M\u00e3e de Deus, Bairro de Lourdes, Juiz de Fora, Minas Gerais\/MG, Brasil. Registro de Capoeira Mestre Pol\u00eamico &#8211; Professor Jo\u00e3o Couto Teixeira. IMG_6354. 10,52 GB. 19h30. Quinta-feira, 08 de Setembro de 2022. HD 1080p. 09."},"content":{"rendered":"\n<figure class=\"wp-block-embed is-type-video is-provider-youtube wp-block-embed-youtube wp-embed-aspect-16-9 wp-has-aspect-ratio\"><div class=\"wp-block-embed__wrapper\">\n<iframe loading=\"lazy\" title=\"Novena Padroeira:  Celebra\u00e7\u00e3o Eucar\u00edstica. Pe Jos\u00e9 Dom\u00edcio Ferreira. IMG_6354. 10,52 GB. 08Set22. 09\" width=\"500\" height=\"281\" src=\"https:\/\/www.youtube.com\/embed\/iOz5pQoMfl4?feature=oembed\" frameborder=\"0\" allow=\"accelerometer; autoplay; clipboard-write; encrypted-media; gyroscope; picture-in-picture; web-share\" referrerpolicy=\"strict-origin-when-cross-origin\" allowfullscreen><\/iframe>\n<\/div><\/figure>\n","protected":false},"excerpt":{"rendered":"<p>Universidade Livre de Estudos Culturais da Capoeira &#8211; Universidade da Capoeira &#8211; UNICAPOEIRA, Instituto de Educa\u00e7\u00e3o Socioambiental &#8211; IESAMBI, Grupo de Capoeira Meia Lua &#8211; Fundado em 29 de Maio de 1962 e Associa\u00e7\u00e3o de Capoeira &#8211; ASCA. Celebra\u00e7\u00e3o Eucar\u00edstica. Padre Jos\u00e9 Dom\u00edcio Ferreira da Silva. Novena da Natividade de Nossa Senhora M\u00e3e de Deus. Nono Dia. Pastoral da M\u00fasica: Deusimar, Evelyn, Geovani, Ludmila e Luiz. Igreja Nossa Senhora M\u00e3e de Deus, Bairro de Lourdes, Juiz de Fora, Minas Gerais\/MG, Brasil. Registro de Capoeira Mestre Pol\u00eamico &#8211; Professor Jo\u00e3o Couto Teixeira. IMG_6354. 10,52 GB. 19h30. Quinta-feira, 08 de Setembro de 2022. HD 1080p. 09.<\/p>\n","protected":false},"author":2,"featured_media":6655,"comment_status":"open","ping_status":"open","sticky":false,"template":"","format":"video","meta":{"footnotes":""},"categories":[4674],"tags":[356,764,544,2605,3046,43,1010,4947,4948,4952,1737,1742,4196,4953,236,55,4951,4950,237,4946,4914,4945,4949,4954,519,868,33],"class_list":["post-6654","post","type-post","status-publish","format-video","has-post-thumbnail","hentry","category-celebracao-eucaristica","tag-356","tag-10-52-gb","tag-19h30","tag-associacao-de-capoeira-asca","tag-bairro-de-lourdes","tag-brasil","tag-celebracao-eucaristica","tag-deusimar","tag-evelyn","tag-geovani","tag-grupo-de-capoeira-meia-lua-fundado-em-29-de-maio-de-1962","tag-hd-1080p","tag-igreja-nossa-senhora-mae-de-deus","tag-img_6354","tag-instituto-de-educacao-socioambiental-iesambi","tag-juiz-de-fora","tag-ludmila","tag-luiz","tag-minas-gerais-mg-3","tag-nono-dia","tag-novena-da-natividade-de-nossa-senhora-mae-de-deus","tag-padre-jose-domicio-ferreira-da-silva","tag-pastoral-da-musica","tag-quinta-feira-08-de-setembro-de-2022","tag-registro-de-capoeira-mestre-polemico-professor-joao-couto-teixeira","tag-universidade-da-capoeira-unicapoeira","tag-universidade-livre-de-estudos-culturais-da-capoeira","post_format-post-format-video"],"_links":{"self":[{"href":"https:\/\/universidadedacapoeira.com\/index.php\/wp-json\/wp\/v2\/posts\/6654","targetHints":{"allow":["GET"]}}],"collection":[{"href":"https:\/\/universidadedacapoeira.com\/index.php\/wp-json\/wp\/v2\/posts"}],"about":[{"href":"https:\/\/universidadedacapoeira.com\/index.php\/wp-json\/wp\/v2\/types\/post"}],"author":[{"embeddable":true,"href":"https:\/\/universidadedacapoeira.com\/index.php\/wp-json\/wp\/v2\/users\/2"}],"replies":[{"embeddable":true,"href":"https:\/\/universidadedacapoeira.com\/index.php\/wp-json\/wp\/v2\/comments?post=6654"}],"version-history":[{"count":1,"href":"https:\/\/universidadedacapoeira.com\/index.php\/wp-json\/wp\/v2\/posts\/6654\/revisions"}],"predecessor-version":[{"id":6656,"href":"https:\/\/universidadedacapoeira.com\/index.php\/wp-json\/wp\/v2\/posts\/6654\/revisions\/6656"}],"wp:featuredmedia":[{"embeddable":true,"href":"https:\/\/universidadedacapoeira.com\/index.php\/wp-json\/wp\/v2\/media\/6655"}],"wp:attachment":[{"href":"https:\/\/universidadedacapoeira.com\/index.php\/wp-json\/wp\/v2\/media?parent=6654"}],"wp:term":[{"taxonomy":"category","embeddable":true,"href":"https:\/\/universidadedacapoeira.com\/index.php\/wp-json\/wp\/v2\/categories?post=6654"},{"taxonomy":"post_tag","embeddable":true,"href":"https:\/\/universidadedacapoeira.com\/index.php\/wp-json\/wp\/v2\/tags?post=6654"}],"curies":[{"name":"wp","href":"https:\/\/api.w.org\/{rel}","templated":true}]}}