{"id":5344,"date":"2022-11-15T08:28:36","date_gmt":"2022-11-15T11:28:36","guid":{"rendered":"http:\/\/universidadedacapoeira.com\/?p=5344"},"modified":"2023-02-04T08:21:34","modified_gmt":"2023-02-04T11:21:34","slug":"universidade-livre-de-estudos-culturais-da-capoeira-universidade-da-capoeira-unicapoeira-instituto-de-educacao-socioambiental-iesambi-grupo-de-capoeira-meia-lua-na-escola-fundado-em-29-de-ma-28","status":"publish","type":"post","link":"https:\/\/universidadedacapoeira.com\/index.php\/2022\/11\/15\/universidade-livre-de-estudos-culturais-da-capoeira-universidade-da-capoeira-unicapoeira-instituto-de-educacao-socioambiental-iesambi-grupo-de-capoeira-meia-lua-na-escola-fundado-em-29-de-ma-28\/","title":{"rendered":"Universidade Livre de Estudos Culturais da Capoeira &#8211; Universidade da Capoeira &#8211; UNICAPOEIRA, Instituto de Educa\u00e7\u00e3o Socioambiental &#8211; IESAMBI, Grupo de Capoeira Meia Lua na Escola &#8211; Fundado em 29 de Maio de 1962 e Associa\u00e7\u00e3o de Capoeira &#8211; ASCA.  60 Anos. Mestres J\u00f4 &#8211; Jo\u00e3o Mendes Batista Barbosa Filho , Pol\u00eamico &#8211; 50 Anos &#8211; Professor Jo\u00e3o Couto Teixeira, Alexandre Jos\u00e9 Ribeiro de Amorim, Haron Cris\u00f3stomo Castanon Mattos, Henrique Couto Teixeira, Cor\u00f4a &#8211; Mauro Delfino da Silva, Paradinha &#8211; Jefferson  Gomes Nogueira e David Teixeira Irsigler. Nen\u00e9m &#8211; Ana Maria Couto Teixeira, Capoeira Estrela Dalva &#8211; Artista Pl\u00e1stica e Cineasta Salete Libardoni, Lul\u00fa Mattos e Kiko &#8211; Ricardo Ladeira Rezende. Nave Studio, Juiz de Fora, Minas Gerais\/MG, Brasil. Registro de Capoeira Mestre Pol\u00eamico &#8211; Professor Jo\u00e3o Couto Teixeira. IMG_4207. 14,33 GB. 14h57. S\u00e1bado, 23 de Abril de 2022. HD 1080p.iPhone 12."},"content":{"rendered":"\n<figure class=\"wp-block-embed is-type-video is-provider-youtube wp-block-embed-youtube wp-embed-aspect-16-9 wp-has-aspect-ratio\"><div class=\"wp-block-embed__wrapper\">\n<iframe loading=\"lazy\" title=\"UNICAPOEIRA na Escola Meia Lua: 60 Anos. Mestres J\u00f4, Pol\u00eamico, Haron, Coroa, David. 14,33 GB\/23Abr22\" width=\"500\" height=\"281\" src=\"https:\/\/www.youtube.com\/embed\/VQi1iQ74kJo?feature=oembed\" frameborder=\"0\" allow=\"accelerometer; autoplay; clipboard-write; encrypted-media; gyroscope; picture-in-picture; web-share\" referrerpolicy=\"strict-origin-when-cross-origin\" allowfullscreen><\/iframe>\n<\/div><\/figure>\n","protected":false},"excerpt":{"rendered":"<p>Universidade Livre de Estudos Culturais da Capoeira &#8211; Universidade da Capoeira &#8211; UNICAPOEIRA, Instituto de Educa\u00e7\u00e3o Socioambiental &#8211; IESAMBI, Grupo de Capoeira Meia Lua na Escola &#8211; Fundado em 29 de Maio de 1962 e Associa\u00e7\u00e3o de Capoeira &#8211; ASCA.  60 Anos. Mestres J\u00f4 &#8211; Jo\u00e3o Mendes Batista Barbosa Filho , Pol\u00eamico &#8211; 50 Anos &#8211; Professor Jo\u00e3o Couto Teixeira, Alexandre Jos\u00e9 Ribeiro de Amorim, Haron Cris\u00f3stomo Castanon Mattos, Henrique Couto Teixeira, Cor\u00f4a &#8211; Mauro Delfino da Silva, Paradinha &#8211; Jefferson  Gomes Nogueira e David Teixeira Irsigler. Nen\u00e9m &#8211; Ana Maria Couto Teixeira, Capoeira Estrela Dalva &#8211; Artista Pl\u00e1stica e Cineasta Salete Libardoni, Lul\u00fa Mattos e Kiko &#8211; Ricardo Ladeira Rezende. Nave Studio, Juiz de Fora, Minas Gerais\/MG, Brasil. Registro de Capoeira Mestre Pol\u00eamico &#8211; Professor Jo\u00e3o Couto Teixeira. IMG_4207. 14,33 GB. 14h57. S\u00e1bado, 23 de Abril de 2022. HD 1080p.iPhone 12.<\/p>\n","protected":false},"author":2,"featured_media":5345,"comment_status":"open","ping_status":"open","sticky":false,"template":"","format":"video","meta":{"footnotes":""},"categories":[4677],"tags":[],"class_list":["post-5344","post","type-post","status-publish","format-video","has-post-thumbnail","hentry","category-grupo-de-capoeira-meia-lua","post_format-post-format-video"],"_links":{"self":[{"href":"https:\/\/universidadedacapoeira.com\/index.php\/wp-json\/wp\/v2\/posts\/5344","targetHints":{"allow":["GET"]}}],"collection":[{"href":"https:\/\/universidadedacapoeira.com\/index.php\/wp-json\/wp\/v2\/posts"}],"about":[{"href":"https:\/\/universidadedacapoeira.com\/index.php\/wp-json\/wp\/v2\/types\/post"}],"author":[{"embeddable":true,"href":"https:\/\/universidadedacapoeira.com\/index.php\/wp-json\/wp\/v2\/users\/2"}],"replies":[{"embeddable":true,"href":"https:\/\/universidadedacapoeira.com\/index.php\/wp-json\/wp\/v2\/comments?post=5344"}],"version-history":[{"count":1,"href":"https:\/\/universidadedacapoeira.com\/index.php\/wp-json\/wp\/v2\/posts\/5344\/revisions"}],"predecessor-version":[{"id":5346,"href":"https:\/\/universidadedacapoeira.com\/index.php\/wp-json\/wp\/v2\/posts\/5344\/revisions\/5346"}],"wp:featuredmedia":[{"embeddable":true,"href":"https:\/\/universidadedacapoeira.com\/index.php\/wp-json\/wp\/v2\/media\/5345"}],"wp:attachment":[{"href":"https:\/\/universidadedacapoeira.com\/index.php\/wp-json\/wp\/v2\/media?parent=5344"}],"wp:term":[{"taxonomy":"category","embeddable":true,"href":"https:\/\/universidadedacapoeira.com\/index.php\/wp-json\/wp\/v2\/categories?post=5344"},{"taxonomy":"post_tag","embeddable":true,"href":"https:\/\/universidadedacapoeira.com\/index.php\/wp-json\/wp\/v2\/tags?post=5344"}],"curies":[{"name":"wp","href":"https:\/\/api.w.org\/{rel}","templated":true}]}}