{"id":5164,"date":"2022-05-06T12:16:34","date_gmt":"2022-05-06T15:16:34","guid":{"rendered":"http:\/\/universidadedacapoeira.com\/?p=5164"},"modified":"2023-02-04T08:37:09","modified_gmt":"2023-02-04T11:37:09","slug":"universidade-livre-de-estudos-culturais-da-capoeira-universidade-da-capoeira-unicapoeira-instituto-de-educacao-socioambiental-iesambi-grupo-de-capoeira-meia-lua-fundado-em-29-de-maio-de-1962-68","status":"publish","type":"post","link":"https:\/\/universidadedacapoeira.com\/index.php\/2022\/05\/06\/universidade-livre-de-estudos-culturais-da-capoeira-universidade-da-capoeira-unicapoeira-instituto-de-educacao-socioambiental-iesambi-grupo-de-capoeira-meia-lua-fundado-em-29-de-maio-de-1962-68\/","title":{"rendered":"Universidade Livre de Estudos Culturais da Capoeira &#8211; Universidade da Capoeira &#8211; UNICAPOEIRA, Instituto de Educa\u00e7\u00e3o Socioambiental &#8211; IESAMBI, Grupo de Capoeira Meia Lua &#8211; Fundado em 29 de Maio de 1962 e Associa\u00e7\u00e3o de Capoeira &#8211; ASCA.  Curso Preparat\u00f3rio. Batismo. Comunidade S\u00e3o Vicente de Paulo, Confer\u00eancia Nossa Senhora do Carmo, Forania Nossa Senhora M\u00e3e de Deus, Conjunto JK, Bairro Nossa Senhora de Lourdes, Juiz de Fora, Minas Gerais\/MG, Brasil. Registro de Capoeira Mestre Pol\u00eamico &#8211; Professor Jo\u00e3o Couto Teixeira. IMG_4053. 17,83 GB. 14h06. S\u00e1bado, 09 de Abril de 2022. HD 1080."},"content":{"rendered":"\n<figure class=\"wp-block-embed is-type-video is-provider-youtube wp-block-embed-youtube wp-embed-aspect-16-9 wp-has-aspect-ratio\"><div class=\"wp-block-embed__wrapper\">\n<iframe loading=\"lazy\" title=\"Batismo: Caio de Souza Irsigler. Curso Preparat\u00f3rio. Juiz de Fora. IMG_4053. 17,83 GB\/14h06\/09Abr22.\" width=\"500\" height=\"281\" src=\"https:\/\/www.youtube.com\/embed\/Gzsqoh_A_ko?feature=oembed\" frameborder=\"0\" allow=\"accelerometer; autoplay; clipboard-write; encrypted-media; gyroscope; picture-in-picture; web-share\" referrerpolicy=\"strict-origin-when-cross-origin\" allowfullscreen><\/iframe>\n<\/div><\/figure>\n","protected":false},"excerpt":{"rendered":"<p>Universidade Livre de Estudos Culturais da Capoeira &#8211; Universidade da Capoeira &#8211; UNICAPOEIRA, Instituto de Educa\u00e7\u00e3o Socioambiental &#8211; IESAMBI, Grupo de Capoeira Meia Lua &#8211; Fundado em 29 de Maio de 1962 e Associa\u00e7\u00e3o de Capoeira &#8211; ASCA.  Curso Preparat\u00f3rio. Batismo. Comunidade S\u00e3o Vicente de Paulo, Confer\u00eancia Nossa Senhora do Carmo, Forania Nossa Senhora M\u00e3e de Deus, Conjunto JK, Bairro Nossa Senhora de Lourdes, Juiz de Fora, Minas Gerais\/MG, Brasil. Registro de Capoeira Mestre Pol\u00eamico &#8211; Professor Jo\u00e3o Couto Teixeira. IMG_4053. 17,83 GB. 14h06. S\u00e1bado, 09 de Abril de 2022. HD 1080.<\/p>\n","protected":false},"author":2,"featured_media":5165,"comment_status":"open","ping_status":"open","sticky":false,"template":"","format":"video","meta":{"footnotes":""},"categories":[4731],"tags":[4294,4345,2605,942,4344,43,4126,4184,4343,941,1737,2628,4346,236,55,42,519,4347,4183,868,33],"class_list":["post-5164","post","type-post","status-publish","format-video","has-post-thumbnail","hentry","category-caio-de-souza-irsigler","tag-14h06","tag-17-83-gb","tag-associacao-de-capoeira-asca","tag-bairro-nossa-senhora-de-lourdes","tag-batismo","tag-brasil","tag-conferencia-nossa-senhora-do-carmo","tag-conjunto-jk","tag-curso-preparatorio","tag-forania-nossa-senhora-mae-de-deus","tag-grupo-de-capoeira-meia-lua-fundado-em-29-de-maio-de-1962","tag-hd-1080","tag-img_4053","tag-instituto-de-educacao-socioambiental-iesambi","tag-juiz-de-fora","tag-minas-gerais-mg","tag-registro-de-capoeira-mestre-polemico-professor-joao-couto-teixeira","tag-sabado-09-de-abril-de-2022","tag-sociedade-sao-vicente-de-paulo","tag-universidade-da-capoeira-unicapoeira","tag-universidade-livre-de-estudos-culturais-da-capoeira","post_format-post-format-video"],"_links":{"self":[{"href":"https:\/\/universidadedacapoeira.com\/index.php\/wp-json\/wp\/v2\/posts\/5164","targetHints":{"allow":["GET"]}}],"collection":[{"href":"https:\/\/universidadedacapoeira.com\/index.php\/wp-json\/wp\/v2\/posts"}],"about":[{"href":"https:\/\/universidadedacapoeira.com\/index.php\/wp-json\/wp\/v2\/types\/post"}],"author":[{"embeddable":true,"href":"https:\/\/universidadedacapoeira.com\/index.php\/wp-json\/wp\/v2\/users\/2"}],"replies":[{"embeddable":true,"href":"https:\/\/universidadedacapoeira.com\/index.php\/wp-json\/wp\/v2\/comments?post=5164"}],"version-history":[{"count":2,"href":"https:\/\/universidadedacapoeira.com\/index.php\/wp-json\/wp\/v2\/posts\/5164\/revisions"}],"predecessor-version":[{"id":5520,"href":"https:\/\/universidadedacapoeira.com\/index.php\/wp-json\/wp\/v2\/posts\/5164\/revisions\/5520"}],"wp:featuredmedia":[{"embeddable":true,"href":"https:\/\/universidadedacapoeira.com\/index.php\/wp-json\/wp\/v2\/media\/5165"}],"wp:attachment":[{"href":"https:\/\/universidadedacapoeira.com\/index.php\/wp-json\/wp\/v2\/media?parent=5164"}],"wp:term":[{"taxonomy":"category","embeddable":true,"href":"https:\/\/universidadedacapoeira.com\/index.php\/wp-json\/wp\/v2\/categories?post=5164"},{"taxonomy":"post_tag","embeddable":true,"href":"https:\/\/universidadedacapoeira.com\/index.php\/wp-json\/wp\/v2\/tags?post=5164"}],"curies":[{"name":"wp","href":"https:\/\/api.w.org\/{rel}","templated":true}]}}