{"id":5030,"date":"2022-03-04T00:34:06","date_gmt":"2022-03-04T03:34:06","guid":{"rendered":"http:\/\/universidadedacapoeira.com\/?p=5030"},"modified":"2023-02-04T10:17:42","modified_gmt":"2023-02-04T13:17:42","slug":"universidade-livre-de-estudos-culturais-da-capoeira-universidade-da-capoeira-unicapoeira-instituto-de-educacao-socioambiental-iesambi-grupo-de-capoeira-meia-lua-na-escola-fundado-em-29-de-ma-9","status":"publish","type":"post","link":"https:\/\/universidadedacapoeira.com\/index.php\/2022\/03\/04\/universidade-livre-de-estudos-culturais-da-capoeira-universidade-da-capoeira-unicapoeira-instituto-de-educacao-socioambiental-iesambi-grupo-de-capoeira-meia-lua-na-escola-fundado-em-29-de-ma-9\/","title":{"rendered":"Universidade Livre de Estudos Culturais da Capoeira &#8211; Universidade da Capoeira &#8211; UNICAPOEIRA, Instituto de Educa\u00e7\u00e3o Socioambiental &#8211; IESAMBI, Grupo de Capoeira Meia Lua na Escola &#8211; Fundado em 29 de Maio de 1962 e Associa\u00e7\u00e3o de Capoeira &#8211; ASCA. Berimbau e Pandeiro. Mestres Pol\u00eamico &#8211; Professor Jo\u00e3o Couto Teixeira e Cor\u00f4a &#8211; Mauro Delfino da Silva. Reuni\u00e3o de Respons\u00e1veis e Docentes. Instituto Vianna J\u00fanior, Bairro Centro, Juiz de Fora, Minas Gerais\/MG, Brasil. Registro de Capoeira Mestre Pol\u00eamico &#8211; Professor Jo\u00e3o Couto Teixeira. IMG_3365 e IMG_2874. 10,22 GB. 08h20. S\u00e1bado, 19 de Fevereiro de 2022. HD 1080p."},"content":{"rendered":"\n<figure class=\"wp-block-embed is-type-video is-provider-youtube wp-block-embed-youtube wp-embed-aspect-16-9 wp-has-aspect-ratio\"><div class=\"wp-block-embed__wrapper\">\n<iframe loading=\"lazy\" title=\"Berimbau e Pandeiro: Reuni\u00e3o de Respons\u00e1veis com Docentes. Ms Coroa e Pol\u00eamico . 10,22 GB. 26Nov94\" width=\"500\" height=\"281\" src=\"https:\/\/www.youtube.com\/embed\/99OviqjxrVQ?feature=oembed\" frameborder=\"0\" allow=\"accelerometer; autoplay; clipboard-write; encrypted-media; gyroscope; picture-in-picture; web-share\" referrerpolicy=\"strict-origin-when-cross-origin\" allowfullscreen><\/iframe>\n<\/div><\/figure>\n","protected":false},"excerpt":{"rendered":"<p>Universidade Livre de Estudos Culturais da Capoeira &#8211; Universidade da Capoeira &#8211; UNICAPOEIRA, Instituto de Educa\u00e7\u00e3o Socioambiental &#8211; IESAMBI, Grupo de Capoeira Meia Lua na Escola &#8211; Fundado em 29 de Maio de 1962 e Associa\u00e7\u00e3o de Capoeira &#8211; ASCA. Berimbau e Pandeiro. Mestres Pol\u00eamico &#8211; Professor Jo\u00e3o Couto Teixeira e Cor\u00f4a &#8211; Mauro Delfino da Silva. Reuni\u00e3o de Respons\u00e1veis e Docentes. Instituto Vianna J\u00fanior, Bairro Centro, Juiz de Fora, Minas Gerais\/MG, Brasil. Registro de Capoeira Mestre Pol\u00eamico &#8211; Professor Jo\u00e3o Couto Teixeira. IMG_3365 e IMG_2874. 10,22 GB. 08h20. S\u00e1bado, 19 de Fevereiro de 2022. HD 1080p.<\/p>\n","protected":false},"author":2,"featured_media":5031,"comment_status":"open","ping_status":"open","sticky":false,"template":"","format":"video","meta":{"footnotes":""},"categories":[4677],"tags":[4140,4139,2605,182,4134,43,72,35,3811,1742,4138,236,4137,55,42,519,4136,4141,868,33],"class_list":["post-5030","post","type-post","status-publish","format-video","has-post-thumbnail","hentry","category-grupo-de-capoeira-meia-lua","tag-08h20","tag-10-22-gb","tag-associacao-de-capoeira-asca","tag-bairro-centro","tag-berimbau-e-pandeiro","tag-brasil","tag-capoeira-mestre-coroa-mauro-delfino-da-silva","tag-capoeira-mestre-polemico-professor-joao-couto-teixeira","tag-grupo-de-capoeira-meia-lua-na-escola-fundado-em-29-de-maio-de-1962","tag-hd-1080p","tag-img_3365-e-img_2874","tag-instituto-de-educacao-socioambiental-iesambi","tag-instituto-vianna-junior","tag-juiz-de-fora","tag-minas-gerais-mg","tag-registro-de-capoeira-mestre-polemico-professor-joao-couto-teixeira","tag-reuniao-de-responsaveis-e-docentes","tag-sabado-19-de-fevereiro-de-2022","tag-universidade-da-capoeira-unicapoeira","tag-universidade-livre-de-estudos-culturais-da-capoeira","post_format-post-format-video"],"_links":{"self":[{"href":"https:\/\/universidadedacapoeira.com\/index.php\/wp-json\/wp\/v2\/posts\/5030","targetHints":{"allow":["GET"]}}],"collection":[{"href":"https:\/\/universidadedacapoeira.com\/index.php\/wp-json\/wp\/v2\/posts"}],"about":[{"href":"https:\/\/universidadedacapoeira.com\/index.php\/wp-json\/wp\/v2\/types\/post"}],"author":[{"embeddable":true,"href":"https:\/\/universidadedacapoeira.com\/index.php\/wp-json\/wp\/v2\/users\/2"}],"replies":[{"embeddable":true,"href":"https:\/\/universidadedacapoeira.com\/index.php\/wp-json\/wp\/v2\/comments?post=5030"}],"version-history":[{"count":2,"href":"https:\/\/universidadedacapoeira.com\/index.php\/wp-json\/wp\/v2\/posts\/5030\/revisions"}],"predecessor-version":[{"id":5564,"href":"https:\/\/universidadedacapoeira.com\/index.php\/wp-json\/wp\/v2\/posts\/5030\/revisions\/5564"}],"wp:featuredmedia":[{"embeddable":true,"href":"https:\/\/universidadedacapoeira.com\/index.php\/wp-json\/wp\/v2\/media\/5031"}],"wp:attachment":[{"href":"https:\/\/universidadedacapoeira.com\/index.php\/wp-json\/wp\/v2\/media?parent=5030"}],"wp:term":[{"taxonomy":"category","embeddable":true,"href":"https:\/\/universidadedacapoeira.com\/index.php\/wp-json\/wp\/v2\/categories?post=5030"},{"taxonomy":"post_tag","embeddable":true,"href":"https:\/\/universidadedacapoeira.com\/index.php\/wp-json\/wp\/v2\/tags?post=5030"}],"curies":[{"name":"wp","href":"https:\/\/api.w.org\/{rel}","templated":true}]}}