{"id":4952,"date":"2022-02-27T08:35:25","date_gmt":"2022-02-27T11:35:25","guid":{"rendered":"http:\/\/universidadedacapoeira.com\/?p=4952"},"modified":"2023-02-04T10:33:03","modified_gmt":"2023-02-04T13:33:03","slug":"universidade-livre-de-estudos-culturais-da-capoeira-universidade-da-capoeira-unicapoeira-instituto-de-educacao-socioambiental-iesambi-e-grupo-de-capoeira-meia-lua-fundado-em-29-de-maio-de-196-70","status":"publish","type":"post","link":"https:\/\/universidadedacapoeira.com\/index.php\/2022\/02\/27\/universidade-livre-de-estudos-culturais-da-capoeira-universidade-da-capoeira-unicapoeira-instituto-de-educacao-socioambiental-iesambi-e-grupo-de-capoeira-meia-lua-fundado-em-29-de-maio-de-196-70\/","title":{"rendered":"Universidade Livre de Estudos Culturais da Capoeira &#8211; Universidade da Capoeira &#8211; UNICAPOEIRA, Instituto de Educa\u00e7\u00e3o Socioambiental &#8211; IESAMBI e Grupo de Capoeira Meia Lua &#8211; Fundado em 29 de Maio de 1962. Projeto Margem. Instituto de Sa\u00fade. Professor Iroshi, Mestre Pol\u00eamico &#8211; Professor Jo\u00e3o Couto Teixeira, Doutor@s Peter Faluhelyi e Elo\u00edsa Caldas &#8211; Pesquisadora em Qu\u00edmica. Centro de Ensino M\u00e9dio Setor Leste &#8211; CEMSL, N\u00facleo de Teleeduca\u00e7\u00e3o &#8211; NUTEL, Setor de Provimento e Produ\u00e7\u00e3o &#8211; SEPPRO, Centro de Recursos Tecnol\u00f3gicos &#8211; CRT, Secretaria de Estado de Educa\u00e7\u00e3o &#8211; SEE, Bras\u00edlia, Distrito Federal\/DF, Brasil. Registros de Capoeira Mestre Pol\u00eamico &#8211; Professor Jo\u00e3o Couto Teixeira e Canal E. 692,9 MB. S\u00e1bado, 05 de Junho de 2004. HD 1080p."},"content":{"rendered":"\n<figure class=\"wp-block-embed is-type-video is-provider-youtube wp-block-embed-youtube wp-embed-aspect-16-9 wp-has-aspect-ratio\"><div class=\"wp-block-embed__wrapper\">\n<iframe loading=\"lazy\" title=\"Instituto de Sa\u00fade: Projeto Margem. M. Pol\u00eamico, Doutor@s Peter, Iroshi e Elo\u00edsa. 692,9 MB. 05Set02\" width=\"500\" height=\"281\" src=\"https:\/\/www.youtube.com\/embed\/0wMqF1GHX_w?feature=oembed\" frameborder=\"0\" allow=\"accelerometer; autoplay; clipboard-write; encrypted-media; gyroscope; picture-in-picture; web-share\" referrerpolicy=\"strict-origin-when-cross-origin\" allowfullscreen><\/iframe>\n<\/div><\/figure>\n","protected":false},"excerpt":{"rendered":"<p>Universidade Livre de Estudos Culturais da Capoeira &#8211; Universidade da Capoeira &#8211; UNICAPOEIRA, Instituto de Educa\u00e7\u00e3o Socioambiental &#8211; IESAMBI e Grupo de Capoeira Meia Lua &#8211; Fundado em 29 de Maio de 1962. Projeto Margem. Instituto de Sa\u00fade. Professor Iroshi, Mestre Pol\u00eamico &#8211; Professor Jo\u00e3o Couto Teixeira, Doutor@s Peter Faluhelyi e Elo\u00edsa Caldas &#8211; Pesquisadora em Qu\u00edmica. Centro de Ensino M\u00e9dio Setor Leste &#8211; CEMSL, N\u00facleo de Teleeduca\u00e7\u00e3o &#8211; NUTEL, Setor de Provimento e Produ\u00e7\u00e3o &#8211; SEPPRO, Centro de Recursos Tecnol\u00f3gicos &#8211; CRT, Secretaria de Estado de Educa\u00e7\u00e3o &#8211; SEE, Bras\u00edlia, Distrito Federal\/DF, Brasil. Registros de Capoeira Mestre Pol\u00eamico &#8211; Professor Jo\u00e3o Couto Teixeira e Canal E. 692,9 MB. S\u00e1bado, 05 de Junho de 2004. HD 1080p.<\/p>\n","protected":false},"author":2,"featured_media":4953,"comment_status":"open","ping_status":"open","sticky":false,"template":"","format":"video","meta":{"footnotes":""},"categories":[4734],"tags":[4017,2605,43,59,35,2011,2149,241,1880,4016,1737,1742,236,4015,2153,3618,2150,3685,519,3686,2151,2152,868,33],"class_list":["post-4952","post","type-post","status-publish","format-video","has-post-thumbnail","hentry","category-projeto-margem","tag-692-9-mb","tag-associacao-de-capoeira-asca","tag-brasil","tag-brasilia","tag-capoeira-mestre-polemico-professor-joao-couto-teixeira","tag-centro-de-ensino-medio-setor-leste-cemsl","tag-centro-de-recursos-tecnologicos-crt","tag-distrito-federal-df","tag-doutor-peter-faluhelyi","tag-doutora-eloisa-caldas-pesquisadora-em-quimica","tag-grupo-de-capoeira-meia-lua-fundado-em-29-de-maio-de-1962","tag-hd-1080p","tag-instituto-de-educacao-socioambiental-iesambi","tag-instituto-de-saude","tag-nucleo-de-teleeducacao-nutel","tag-professor-iroshi","tag-projeto-margem","tag-registro-de-canal-e","tag-registro-de-capoeira-mestre-polemico-professor-joao-couto-teixeira","tag-sabado-05-de-junho-de-2004","tag-secretaria-de-estado-de-educacao-see","tag-setor-de-provimento-e-producao-seppro","tag-universidade-da-capoeira-unicapoeira","tag-universidade-livre-de-estudos-culturais-da-capoeira","post_format-post-format-video"],"_links":{"self":[{"href":"https:\/\/universidadedacapoeira.com\/index.php\/wp-json\/wp\/v2\/posts\/4952","targetHints":{"allow":["GET"]}}],"collection":[{"href":"https:\/\/universidadedacapoeira.com\/index.php\/wp-json\/wp\/v2\/posts"}],"about":[{"href":"https:\/\/universidadedacapoeira.com\/index.php\/wp-json\/wp\/v2\/types\/post"}],"author":[{"embeddable":true,"href":"https:\/\/universidadedacapoeira.com\/index.php\/wp-json\/wp\/v2\/users\/2"}],"replies":[{"embeddable":true,"href":"https:\/\/universidadedacapoeira.com\/index.php\/wp-json\/wp\/v2\/comments?post=4952"}],"version-history":[{"count":2,"href":"https:\/\/universidadedacapoeira.com\/index.php\/wp-json\/wp\/v2\/posts\/4952\/revisions"}],"predecessor-version":[{"id":5589,"href":"https:\/\/universidadedacapoeira.com\/index.php\/wp-json\/wp\/v2\/posts\/4952\/revisions\/5589"}],"wp:featuredmedia":[{"embeddable":true,"href":"https:\/\/universidadedacapoeira.com\/index.php\/wp-json\/wp\/v2\/media\/4953"}],"wp:attachment":[{"href":"https:\/\/universidadedacapoeira.com\/index.php\/wp-json\/wp\/v2\/media?parent=4952"}],"wp:term":[{"taxonomy":"category","embeddable":true,"href":"https:\/\/universidadedacapoeira.com\/index.php\/wp-json\/wp\/v2\/categories?post=4952"},{"taxonomy":"post_tag","embeddable":true,"href":"https:\/\/universidadedacapoeira.com\/index.php\/wp-json\/wp\/v2\/tags?post=4952"}],"curies":[{"name":"wp","href":"https:\/\/api.w.org\/{rel}","templated":true}]}}