{"id":4842,"date":"2022-02-14T19:51:11","date_gmt":"2022-02-14T22:51:11","guid":{"rendered":"http:\/\/universidadedacapoeira.com\/?p=4842"},"modified":"2023-02-04T16:59:16","modified_gmt":"2023-02-04T19:59:16","slug":"universidade-livre-de-estudos-culturais-da-capoeira-universidade-da-capoeira-unicapoeira-grupo-de-capoeira-meia-lua-fundado-em-29-de-maio-de-1962-instituto-de-educacao-socioambiental-iesambi-3","status":"publish","type":"post","link":"https:\/\/universidadedacapoeira.com\/index.php\/2022\/02\/14\/universidade-livre-de-estudos-culturais-da-capoeira-universidade-da-capoeira-unicapoeira-grupo-de-capoeira-meia-lua-fundado-em-29-de-maio-de-1962-instituto-de-educacao-socioambiental-iesambi-3\/","title":{"rendered":"Universidade Livre de Estudos Culturais da Capoeira &#8211; Universidade da Capoeira &#8211; UNICAPOEIRA, Grupo de Capoeira Meia Lua &#8211; Fundado em 29 de Maio de 1962, Instituto de Educa\u00e7\u00e3o Socioambiental &#8211; IESAMBI e Associa\u00e7\u00e3o de Capoeira &#8211; ASCA. Mestres Pombo de Ouro &#8211; Jos\u00e9 Bispo Correia, Jos\u00e9 Paulo Santos, Pol\u00eamico &#8211; Professor Jo\u00e3o Couto Teixeira, Squisyto &#8211; Reginaldo Silveira da Costa, Fernando e Lamb\u00e3o &#8211; Jorge F\u00e1bio Paulino. Departamento de Educa\u00e7\u00e3o F\u00edsica, Esportes e Recrea\u00e7\u00e3o &#8211; DEFER, Bras\u00edlia, Distrito Federal\/DF, Brasil. Registro de Capoeira Mestre Pol\u00eamico &#8211; Professor Jo\u00e3o Couto Teixeira. 1,09 GB. S\u00e1bado, 27 de Junho de 1998. HD 1080p."},"content":{"rendered":"\n<figure class=\"wp-block-embed is-type-video is-provider-youtube wp-block-embed-youtube wp-embed-aspect-16-9 wp-has-aspect-ratio\"><div class=\"wp-block-embed__wrapper\">\n<iframe loading=\"lazy\" title=\"DEFER: Capoeira Mestres Pombo de Ouro, Paul\u00e3o, Pol\u00eamico, Squisyto, Fernando, Lamb\u00e3o. 1,09 GB\/27Jun98\" width=\"500\" height=\"281\" src=\"https:\/\/www.youtube.com\/embed\/3QtmXFAR5Nk?feature=oembed\" frameborder=\"0\" allow=\"accelerometer; autoplay; clipboard-write; encrypted-media; gyroscope; picture-in-picture; web-share\" referrerpolicy=\"strict-origin-when-cross-origin\" allowfullscreen><\/iframe>\n<\/div><\/figure>\n","protected":false},"excerpt":{"rendered":"<p>Universidade Livre de Estudos Culturais da Capoeira &#8211; Universidade da Capoeira &#8211; UNICAPOEIRA, Grupo de Capoeira Meia Lua &#8211; Fundado em 29 de Maio de 1962, Instituto de Educa\u00e7\u00e3o Socioambiental &#8211; IESAMBI e Associa\u00e7\u00e3o de Capoeira &#8211; ASCA. Mestres Pombo de Ouro &#8211; Jos\u00e9 Bispo Correia, Jos\u00e9 Paulo Santos, Pol\u00eamico &#8211; Professor Jo\u00e3o Couto Teixeira, Squisyto &#8211; Reginaldo Silveira da Costa, Fernando e Lamb\u00e3o &#8211; Jorge F\u00e1bio Paulino. Departamento de Educa\u00e7\u00e3o F\u00edsica, Esportes e Recrea\u00e7\u00e3o &#8211; DEFER, Bras\u00edlia, Distrito Federal\/DF, Brasil. Registro de Capoeira Mestre Pol\u00eamico &#8211; Professor Jo\u00e3o Couto Teixeira. 1,09 GB. S\u00e1bado, 27 de Junho de 1998. HD 1080p.<\/p>\n","protected":false},"author":2,"featured_media":4843,"comment_status":"open","ping_status":"open","sticky":false,"template":"","format":"video","meta":{"footnotes":""},"categories":[4729],"tags":[879,2605,43,59,3842,1995,2182,35,1969,3336,3557,241,3558,1737,1742,236,519,3843,868,33],"class_list":["post-4842","post","type-post","status-publish","format-video","has-post-thumbnail","hentry","category-capoeira","tag-1-09-gb","tag-associacao-de-capoeira-asca","tag-brasil","tag-brasilia","tag-capoeira-mestre-fernando","tag-capoeira-mestre-jose-paulo-santos","tag-capoeira-mestre-lambao-jorge-fabio-paulino","tag-capoeira-mestre-polemico-professor-joao-couto-teixeira","tag-capoeira-mestre-pombo-de-ouro-jose-bispo-correia","tag-capoeira-mestre-squisyto-reginaldo-silveira-da-costa","tag-departamento-de-educacao-fisica","tag-distrito-federal-df","tag-esportes-e-recreacao-defer","tag-grupo-de-capoeira-meia-lua-fundado-em-29-de-maio-de-1962","tag-hd-1080p","tag-instituto-de-educacao-socioambiental-iesambi","tag-registro-de-capoeira-mestre-polemico-professor-joao-couto-teixeira","tag-sabado-27-de-junho-de-1998","tag-universidade-da-capoeira-unicapoeira","tag-universidade-livre-de-estudos-culturais-da-capoeira","post_format-post-format-video"],"_links":{"self":[{"href":"https:\/\/universidadedacapoeira.com\/index.php\/wp-json\/wp\/v2\/posts\/4842","targetHints":{"allow":["GET"]}}],"collection":[{"href":"https:\/\/universidadedacapoeira.com\/index.php\/wp-json\/wp\/v2\/posts"}],"about":[{"href":"https:\/\/universidadedacapoeira.com\/index.php\/wp-json\/wp\/v2\/types\/post"}],"author":[{"embeddable":true,"href":"https:\/\/universidadedacapoeira.com\/index.php\/wp-json\/wp\/v2\/users\/2"}],"replies":[{"embeddable":true,"href":"https:\/\/universidadedacapoeira.com\/index.php\/wp-json\/wp\/v2\/comments?post=4842"}],"version-history":[{"count":2,"href":"https:\/\/universidadedacapoeira.com\/index.php\/wp-json\/wp\/v2\/posts\/4842\/revisions"}],"predecessor-version":[{"id":5628,"href":"https:\/\/universidadedacapoeira.com\/index.php\/wp-json\/wp\/v2\/posts\/4842\/revisions\/5628"}],"wp:featuredmedia":[{"embeddable":true,"href":"https:\/\/universidadedacapoeira.com\/index.php\/wp-json\/wp\/v2\/media\/4843"}],"wp:attachment":[{"href":"https:\/\/universidadedacapoeira.com\/index.php\/wp-json\/wp\/v2\/media?parent=4842"}],"wp:term":[{"taxonomy":"category","embeddable":true,"href":"https:\/\/universidadedacapoeira.com\/index.php\/wp-json\/wp\/v2\/categories?post=4842"},{"taxonomy":"post_tag","embeddable":true,"href":"https:\/\/universidadedacapoeira.com\/index.php\/wp-json\/wp\/v2\/tags?post=4842"}],"curies":[{"name":"wp","href":"https:\/\/api.w.org\/{rel}","templated":true}]}}