{"id":4770,"date":"2022-02-11T14:04:04","date_gmt":"2022-02-11T17:04:04","guid":{"rendered":"http:\/\/universidadedacapoeira.com\/?p=4770"},"modified":"2023-02-04T17:15:06","modified_gmt":"2023-02-04T20:15:06","slug":"universidade-livre-de-estudos-culturais-da-capoeira-universidade-da-capoeira-unicapoeira-instituto-de-educacao-socioambiental-iesambi-e-grupo-de-capoeira-meia-lua-fundado-em-29-de-maio-de-196-55","status":"publish","type":"post","link":"https:\/\/universidadedacapoeira.com\/index.php\/2022\/02\/11\/universidade-livre-de-estudos-culturais-da-capoeira-universidade-da-capoeira-unicapoeira-instituto-de-educacao-socioambiental-iesambi-e-grupo-de-capoeira-meia-lua-fundado-em-29-de-maio-de-196-55\/","title":{"rendered":"Universidade Livre de Estudos Culturais da Capoeira &#8211; Universidade da Capoeira &#8211; UNICAPOEIRA, Instituto de Educa\u00e7\u00e3o Socioambiental &#8211; IESAMBI e Grupo de Capoeira Meia Lua &#8211; Fundado em 29 de Maio de 1962. Grava\u00e7\u00e3o do Primeiro CD &#8211; Capoeira na Escola. Maestro Marvin. Mestres Pombo de Ouro &#8211; Jos\u00e9 Bispo Correia, H\u00e9lio Tabosa de Moraes, Bartolomeu Vieira das Chagas, Pol\u00eamico &#8211; Professor Jo\u00e3o Couto Teixeira, Squisyto &#8211; Reginaldo Silveira da Costa, Tat\u00e1 &#8211; Carlos Domingos de La Bianca Bimbato, Adelmo Pereira Lima, Bom Menino &#8211; Aluizio de Melo Cavalcante J\u00fanior e Zangado &#8211; Fernando Alves, Professora Lua Bonita &#8211; Ana Cl\u00e1udia Sousa Vieira e Professor Bezerra. Ceil\u00e2ndia, Distrito Federal\/DF, Brasil. Registro de Capoeiras Doutor Peter Faluhelyi e Professora Lua Bonita &#8211; Ana Cl\u00e1udia Sousa Vieira. 646 MB. 09h11. S\u00e1bado, 16 de Maio de 1998."},"content":{"rendered":"\n<figure class=\"wp-block-embed is-type-video is-provider-youtube wp-block-embed-youtube wp-embed-aspect-16-9 wp-has-aspect-ratio\"><div class=\"wp-block-embed__wrapper\">\n<iframe loading=\"lazy\" title=\"Capoeira na Escola: Mestres Pombo, Tabosa, Barto, Pol\u00eamico, Squisyto, Tat\u00e1 e Adelmo. 646 MB. 16Mai98\" width=\"500\" height=\"281\" src=\"https:\/\/www.youtube.com\/embed\/zD0lF7joja8?feature=oembed\" frameborder=\"0\" allow=\"accelerometer; autoplay; clipboard-write; encrypted-media; gyroscope; picture-in-picture; web-share\" referrerpolicy=\"strict-origin-when-cross-origin\" allowfullscreen><\/iframe>\n<\/div><\/figure>\n","protected":false},"excerpt":{"rendered":"<p>Universidade Livre de Estudos Culturais da Capoeira &#8211; Universidade da Capoeira &#8211; UNICAPOEIRA, Instituto de Educa\u00e7\u00e3o Socioambiental &#8211; IESAMBI e Grupo de Capoeira Meia Lua &#8211; Fundado em 29 de Maio de 1962. Grava\u00e7\u00e3o do Primeiro CD &#8211; Capoeira na Escola. Maestro Marvin. Mestres Pombo de Ouro &#8211; Jos\u00e9 Bispo Correia, H\u00e9lio Tabosa de Moraes, Bartolomeu Vieira das Chagas, Pol\u00eamico &#8211; Professor Jo\u00e3o Couto Teixeira, Squisyto &#8211; Reginaldo Silveira da Costa, Tat\u00e1 &#8211; Carlos Domingos de La Bianca Bimbato, Adelmo Pereira Lima, Bom Menino &#8211; Aluizio de Melo Cavalcante J\u00fanior e Zangado &#8211; Fernando Alves, Professora Lua Bonita &#8211; Ana Cl\u00e1udia Sousa Vieira e Professor Bezerra. Ceil\u00e2ndia, Distrito Federal\/DF, Brasil. Registro de Capoeiras Doutor Peter Faluhelyi e Professora Lua Bonita &#8211; Ana Cl\u00e1udia Sousa Vieira. 646 MB. 09h11. S\u00e1bado, 16 de Maio de 1998.<\/p>\n","protected":false},"author":2,"featured_media":4771,"comment_status":"open","ping_status":"open","sticky":false,"template":"","format":"video","meta":{"footnotes":""},"categories":[4677],"tags":[3462,3749,2605,43,3056,1643,3432,274,35,1969,3336,2174,3338,3460,3392,3340,241,3458,1737,236,3459,3379,3427,868,33],"class_list":["post-4770","post","type-post","status-publish","format-video","has-post-thumbnail","hentry","category-grupo-de-capoeira-meia-lua","tag-09h11","tag-646-mb","tag-associacao-de-capoeira-asca","tag-brasil","tag-capoeira-mestre-adelmo-pereira-lima","tag-capoeira-mestre-bartolomeu-vieira-das-chagas","tag-capoeira-mestre-bom-menino-aluizio-de-melo-cavalcante-junior","tag-capoeira-mestre-helio-tabosa-de-moraes","tag-capoeira-mestre-polemico-professor-joao-couto-teixeira","tag-capoeira-mestre-pombo-de-ouro-jose-bispo-correia","tag-capoeira-mestre-squisyto-reginaldo-silveira-da-costa","tag-capoeira-mestre-tata-carlos-domingos-de-la-bianca-bimbato","tag-capoeira-mestre-zangado-fernando-alves","tag-capoeira-professor-bezerra","tag-capoeira-professora-lua-bonita-ana-claudia-sousa-vieira","tag-ceilandia","tag-distrito-federal-df","tag-gravacao-do-primeiro-cd-capoeira-na-escola","tag-grupo-de-capoeira-meia-lua-fundado-em-29-de-maio-de-1962","tag-instituto-de-educacao-socioambiental-iesambi","tag-maestro-marvin","tag-registro-de-capoeira-doutor-peter-faluhelyi","tag-registro-de-capoeira-professora-lua-bonita-ana-claudia-sousa-vieira","tag-universidade-da-capoeira-unicapoeira","tag-universidade-livre-de-estudos-culturais-da-capoeira","post_format-post-format-video"],"_links":{"self":[{"href":"https:\/\/universidadedacapoeira.com\/index.php\/wp-json\/wp\/v2\/posts\/4770","targetHints":{"allow":["GET"]}}],"collection":[{"href":"https:\/\/universidadedacapoeira.com\/index.php\/wp-json\/wp\/v2\/posts"}],"about":[{"href":"https:\/\/universidadedacapoeira.com\/index.php\/wp-json\/wp\/v2\/types\/post"}],"author":[{"embeddable":true,"href":"https:\/\/universidadedacapoeira.com\/index.php\/wp-json\/wp\/v2\/users\/2"}],"replies":[{"embeddable":true,"href":"https:\/\/universidadedacapoeira.com\/index.php\/wp-json\/wp\/v2\/comments?post=4770"}],"version-history":[{"count":2,"href":"https:\/\/universidadedacapoeira.com\/index.php\/wp-json\/wp\/v2\/posts\/4770\/revisions"}],"predecessor-version":[{"id":5652,"href":"https:\/\/universidadedacapoeira.com\/index.php\/wp-json\/wp\/v2\/posts\/4770\/revisions\/5652"}],"wp:featuredmedia":[{"embeddable":true,"href":"https:\/\/universidadedacapoeira.com\/index.php\/wp-json\/wp\/v2\/media\/4771"}],"wp:attachment":[{"href":"https:\/\/universidadedacapoeira.com\/index.php\/wp-json\/wp\/v2\/media?parent=4770"}],"wp:term":[{"taxonomy":"category","embeddable":true,"href":"https:\/\/universidadedacapoeira.com\/index.php\/wp-json\/wp\/v2\/categories?post=4770"},{"taxonomy":"post_tag","embeddable":true,"href":"https:\/\/universidadedacapoeira.com\/index.php\/wp-json\/wp\/v2\/tags?post=4770"}],"curies":[{"name":"wp","href":"https:\/\/api.w.org\/{rel}","templated":true}]}}