{"id":4723,"date":"2022-01-20T16:43:18","date_gmt":"2022-01-20T19:43:18","guid":{"rendered":"http:\/\/universidadedacapoeira.com\/?p=4723"},"modified":"2023-02-04T17:21:53","modified_gmt":"2023-02-04T20:21:53","slug":"universidade-livre-de-estudos-culturais-da-capoeira-universidade-da-capoeira-unicapoeira-instituto-de-educacao-socioambiental-iesambi-grupo-de-capoeira-meia-lua-fundado-em-29-de-maio-de-1962-14","status":"publish","type":"post","link":"https:\/\/universidadedacapoeira.com\/index.php\/2022\/01\/20\/universidade-livre-de-estudos-culturais-da-capoeira-universidade-da-capoeira-unicapoeira-instituto-de-educacao-socioambiental-iesambi-grupo-de-capoeira-meia-lua-fundado-em-29-de-maio-de-1962-14\/","title":{"rendered":"Universidade Livre de Estudos Culturais da Capoeira &#8211; Universidade da Capoeira &#8211; UNICAPOEIRA, Instituto de Educa\u00e7\u00e3o Socioambiental &#8211; IESAMBI, Grupo de Capoeira Meia Lua &#8211; Fundado em 29 de Maio de 1962 e Projeto Margem. Parque Ecol\u00f3gico Asa Sul. Centro de Ensino M\u00e9dio Setor Leste &#8211; CEMSL, Secretaria de Estado de Educa\u00e7\u00e3o &#8211; SEE, Bras\u00edlia, Distrito Federal\/DF, Brasil. Registro de Capoeira Mestre Pol\u00eamico &#8211; Professor Jo\u00e3o Couto Teixeira e TV Globo. 374,6 MB. Quarta-feira, 10 de Setembro de 2003. HD 1080p."},"content":{"rendered":"\n<figure class=\"wp-block-embed is-type-video is-provider-youtube wp-block-embed-youtube wp-embed-aspect-16-9 wp-has-aspect-ratio\"><div class=\"wp-block-embed__wrapper\">\n<iframe loading=\"lazy\" title=\"Parque Ecol\u00f3gico Asa Sul: Projeto Margem. Mestre Pol\u00eamico\/Professor Jo\u00e3o Couto Teixeira. DF. 10Set03\" width=\"500\" height=\"281\" src=\"https:\/\/www.youtube.com\/embed\/JxWw916SD0w?feature=oembed\" frameborder=\"0\" allow=\"accelerometer; autoplay; clipboard-write; encrypted-media; gyroscope; picture-in-picture; web-share\" referrerpolicy=\"strict-origin-when-cross-origin\" allowfullscreen><\/iframe>\n<\/div><\/figure>\n","protected":false},"excerpt":{"rendered":"<p>Universidade Livre de Estudos Culturais da Capoeira &#8211; Universidade da Capoeira &#8211; UNICAPOEIRA, Instituto de Educa\u00e7\u00e3o Socioambiental &#8211; IESAMBI, Grupo de Capoeira Meia Lua &#8211; Fundado em 29 de Maio de 1962 e Projeto Margem. Parque Ecol\u00f3gico Asa Sul. Centro de Ensino M\u00e9dio Setor Leste &#8211; CEMSL, Secretaria de Estado de Educa\u00e7\u00e3o &#8211; SEE, Bras\u00edlia, Distrito Federal\/DF, Brasil. Registro de Capoeira Mestre Pol\u00eamico &#8211; Professor Jo\u00e3o Couto Teixeira e TV Globo. 374,6 MB. Quarta-feira, 10 de Setembro de 2003. HD 1080p.<\/p>\n","protected":false},"author":2,"featured_media":4724,"comment_status":"open","ping_status":"open","sticky":false,"template":"","format":"video","meta":{"footnotes":""},"categories":[4738],"tags":[3697,43,59,2011,241,1737,1742,236,3695,2150,2704,519,3696,2151,868,33],"class_list":["post-4723","post","type-post","status-publish","format-video","has-post-thumbnail","hentry","category-iesambi","tag-374-6-mb","tag-brasil","tag-brasilia","tag-centro-de-ensino-medio-setor-leste-cemsl","tag-distrito-federal-df","tag-grupo-de-capoeira-meia-lua-fundado-em-29-de-maio-de-1962","tag-hd-1080p","tag-instituto-de-educacao-socioambiental-iesambi","tag-parque-ecologico-asa-sul","tag-projeto-margem","tag-quarta-feira-10-de-setembro-de-2003","tag-registro-de-capoeira-mestre-polemico-professor-joao-couto-teixeira","tag-registro-de-tv-globo","tag-secretaria-de-estado-de-educacao-see","tag-universidade-da-capoeira-unicapoeira","tag-universidade-livre-de-estudos-culturais-da-capoeira","post_format-post-format-video"],"_links":{"self":[{"href":"https:\/\/universidadedacapoeira.com\/index.php\/wp-json\/wp\/v2\/posts\/4723","targetHints":{"allow":["GET"]}}],"collection":[{"href":"https:\/\/universidadedacapoeira.com\/index.php\/wp-json\/wp\/v2\/posts"}],"about":[{"href":"https:\/\/universidadedacapoeira.com\/index.php\/wp-json\/wp\/v2\/types\/post"}],"author":[{"embeddable":true,"href":"https:\/\/universidadedacapoeira.com\/index.php\/wp-json\/wp\/v2\/users\/2"}],"replies":[{"embeddable":true,"href":"https:\/\/universidadedacapoeira.com\/index.php\/wp-json\/wp\/v2\/comments?post=4723"}],"version-history":[{"count":2,"href":"https:\/\/universidadedacapoeira.com\/index.php\/wp-json\/wp\/v2\/posts\/4723\/revisions"}],"predecessor-version":[{"id":5667,"href":"https:\/\/universidadedacapoeira.com\/index.php\/wp-json\/wp\/v2\/posts\/4723\/revisions\/5667"}],"wp:featuredmedia":[{"embeddable":true,"href":"https:\/\/universidadedacapoeira.com\/index.php\/wp-json\/wp\/v2\/media\/4724"}],"wp:attachment":[{"href":"https:\/\/universidadedacapoeira.com\/index.php\/wp-json\/wp\/v2\/media?parent=4723"}],"wp:term":[{"taxonomy":"category","embeddable":true,"href":"https:\/\/universidadedacapoeira.com\/index.php\/wp-json\/wp\/v2\/categories?post=4723"},{"taxonomy":"post_tag","embeddable":true,"href":"https:\/\/universidadedacapoeira.com\/index.php\/wp-json\/wp\/v2\/tags?post=4723"}],"curies":[{"name":"wp","href":"https:\/\/api.w.org\/{rel}","templated":true}]}}