{"id":4717,"date":"2022-01-20T15:21:27","date_gmt":"2022-01-20T18:21:27","guid":{"rendered":"http:\/\/universidadedacapoeira.com\/?p=4717"},"modified":"2023-02-04T17:22:39","modified_gmt":"2023-02-04T20:22:39","slug":"universidade-livre-de-estudos-culturais-da-capoeira-universidade-da-capoeira-unicapoeira-instituto-de-educacao-socioambiental-iesambi-e-grupo-de-capoeira-meia-lua-fundado-em-29-de-maio-de-196-46","status":"publish","type":"post","link":"https:\/\/universidadedacapoeira.com\/index.php\/2022\/01\/20\/universidade-livre-de-estudos-culturais-da-capoeira-universidade-da-capoeira-unicapoeira-instituto-de-educacao-socioambiental-iesambi-e-grupo-de-capoeira-meia-lua-fundado-em-29-de-maio-de-196-46\/","title":{"rendered":"Universidade Livre de Estudos Culturais da Capoeira &#8211; Universidade da Capoeira &#8211; UNICAPOEIRA, Instituto de Educa\u00e7\u00e3o Socioambiental &#8211; IESAMBI e Grupo de Capoeira Meia Lua &#8211; Fundado em 29 de Maio de 1962. Navegada &#8211; Rede Pluvial. Projeto Margem. Corpo de Bombeiros. Abordagem de Clubes e de Moradores Debaixo de Pontes. Capoeira Mestre Pol\u00eamico &#8211; Professor Jo\u00e3o Couto Teixeira. Discentes Adonias Maloso e Murilo Lobo. Centro de Ensino M\u00e9dio Setor Leste &#8211; CEMSL, Secretaria de Estado de Educa\u00e7\u00e3o &#8211; SEE, Lago Parano\u00e1, Bras\u00edlia, Distrito Federal\/DF, Brasil. Registros de Capoeira Mestre Pol\u00eamico &#8211; Professor Jo\u00e3o Couto Teixeira e Euro. 5,6 GB. Quarta-feira, 04 de Mar\u00e7o de 1998. HD 1080p."},"content":{"rendered":"\n<figure class=\"wp-block-embed is-type-video is-provider-youtube wp-block-embed-youtube wp-embed-aspect-16-9 wp-has-aspect-ratio\"><div class=\"wp-block-embed__wrapper\">\n<iframe loading=\"lazy\" title=\"Navegada: Projeto Margem. Capoeira Mestre Pol\u00eamico, Adonias Maloso e Murilo Lobo. 5,6 GB. 04Mar98\" width=\"500\" height=\"281\" src=\"https:\/\/www.youtube.com\/embed\/nuz0QIuTW2Q?feature=oembed\" frameborder=\"0\" allow=\"accelerometer; autoplay; clipboard-write; encrypted-media; gyroscope; picture-in-picture; web-share\" referrerpolicy=\"strict-origin-when-cross-origin\" allowfullscreen><\/iframe>\n<\/div><\/figure>\n","protected":false},"excerpt":{"rendered":"<p>Universidade Livre de Estudos Culturais da Capoeira &#8211; Universidade da Capoeira &#8211; UNICAPOEIRA, Instituto de Educa\u00e7\u00e3o Socioambiental &#8211; IESAMBI e Grupo de Capoeira Meia Lua &#8211; Fundado em 29 de Maio de 1962. Navegada &#8211; Rede Pluvial. Projeto Margem. Corpo de Bombeiros. Abordagem de Clubes e de Moradores Debaixo de Pontes. Capoeira Mestre Pol\u00eamico &#8211; Professor Jo\u00e3o Couto Teixeira. Discentes Adonias Maloso e Murilo Lobo. Centro de Ensino M\u00e9dio Setor Leste &#8211; CEMSL, Secretaria de Estado de Educa\u00e7\u00e3o &#8211; SEE, Lago Parano\u00e1, Bras\u00edlia, Distrito Federal\/DF, Brasil. Registros de Capoeira Mestre Pol\u00eamico &#8211; Professor Jo\u00e3o Couto Teixeira e Euro. 5,6 GB. Quarta-feira, 04 de Mar\u00e7o de 1998. HD 1080p.<\/p>\n","protected":false},"author":2,"featured_media":4718,"comment_status":"open","ping_status":"open","sticky":false,"template":"","format":"video","meta":{"footnotes":""},"categories":[4734],"tags":[3693,3689,43,59,35,2011,3688,3690,3691,241,1737,1742,236,2530,3687,2150,3692,519,3332,2151,868,33],"class_list":["post-4717","post","type-post","status-publish","format-video","has-post-thumbnail","hentry","category-projeto-margem","tag-5-6-gb","tag-abordagem-de-clubes-e-de-moradores-debaixo-de-pontes","tag-brasil","tag-brasilia","tag-capoeira-mestre-polemico-professor-joao-couto-teixeira","tag-centro-de-ensino-medio-setor-leste-cemsl","tag-corpo-de-bombeiros","tag-discente-adonias-maloso","tag-discente-murilo-lobo","tag-distrito-federal-df","tag-grupo-de-capoeira-meia-lua-fundado-em-29-de-maio-de-1962","tag-hd-1080p","tag-instituto-de-educacao-socioambiental-iesambi","tag-lago-paranoa","tag-navegada-rede-pluvial","tag-projeto-margem","tag-quarta-feira-04-de-marco-de-1998","tag-registro-de-capoeira-mestre-polemico-professor-joao-couto-teixeira","tag-registro-de-euro","tag-secretaria-de-estado-de-educacao-see","tag-universidade-da-capoeira-unicapoeira","tag-universidade-livre-de-estudos-culturais-da-capoeira","post_format-post-format-video"],"_links":{"self":[{"href":"https:\/\/universidadedacapoeira.com\/index.php\/wp-json\/wp\/v2\/posts\/4717","targetHints":{"allow":["GET"]}}],"collection":[{"href":"https:\/\/universidadedacapoeira.com\/index.php\/wp-json\/wp\/v2\/posts"}],"about":[{"href":"https:\/\/universidadedacapoeira.com\/index.php\/wp-json\/wp\/v2\/types\/post"}],"author":[{"embeddable":true,"href":"https:\/\/universidadedacapoeira.com\/index.php\/wp-json\/wp\/v2\/users\/2"}],"replies":[{"embeddable":true,"href":"https:\/\/universidadedacapoeira.com\/index.php\/wp-json\/wp\/v2\/comments?post=4717"}],"version-history":[{"count":2,"href":"https:\/\/universidadedacapoeira.com\/index.php\/wp-json\/wp\/v2\/posts\/4717\/revisions"}],"predecessor-version":[{"id":5669,"href":"https:\/\/universidadedacapoeira.com\/index.php\/wp-json\/wp\/v2\/posts\/4717\/revisions\/5669"}],"wp:featuredmedia":[{"embeddable":true,"href":"https:\/\/universidadedacapoeira.com\/index.php\/wp-json\/wp\/v2\/media\/4718"}],"wp:attachment":[{"href":"https:\/\/universidadedacapoeira.com\/index.php\/wp-json\/wp\/v2\/media?parent=4717"}],"wp:term":[{"taxonomy":"category","embeddable":true,"href":"https:\/\/universidadedacapoeira.com\/index.php\/wp-json\/wp\/v2\/categories?post=4717"},{"taxonomy":"post_tag","embeddable":true,"href":"https:\/\/universidadedacapoeira.com\/index.php\/wp-json\/wp\/v2\/tags?post=4717"}],"curies":[{"name":"wp","href":"https:\/\/api.w.org\/{rel}","templated":true}]}}