{"id":4708,"date":"2022-01-20T13:18:14","date_gmt":"2022-01-20T16:18:14","guid":{"rendered":"http:\/\/universidadedacapoeira.com\/?p=4708"},"modified":"2023-02-04T17:23:43","modified_gmt":"2023-02-04T20:23:43","slug":"universidade-livre-de-estudos-culturais-da-capoeira-universidade-da-capoeira-unicapoeira-instituto-de-educacao-socioambiental-iesambi-e-grupo-de-capoeira-meia-lua-fundado-em-29-de-maio-de-196-43","status":"publish","type":"post","link":"https:\/\/universidadedacapoeira.com\/index.php\/2022\/01\/20\/universidade-livre-de-estudos-culturais-da-capoeira-universidade-da-capoeira-unicapoeira-instituto-de-educacao-socioambiental-iesambi-e-grupo-de-capoeira-meia-lua-fundado-em-29-de-maio-de-196-43\/","title":{"rendered":"Universidade Livre de Estudos Culturais da Capoeira &#8211; Universidade da Capoeira &#8211; UNICAPOEIRA, Instituto de Educa\u00e7\u00e3o Socioambiental &#8211; IESAMBI e Grupo de Capoeira Meia Lua &#8211; Fundado em 29 de Maio de 1962. Projeto \u00c1gua Viva &#8211; Defensores da Natureza. Cachoeiras. Capoeira Mestres Pol\u00eamico &#8211; Professor Jo\u00e3o Couto Teixeira e Tat\u00e1 &#8211; Carlos Domingos de la Bianca Bimbato. Centro Educacional 02 &#8211; Ced 02, Diretoria Regional de Ensino &#8211; DRE, Secretaria de Estado de Educa\u00e7\u00e3o &#8211; SEE, Sobradinho, Distrito Federal\/DF, Brasil. Registro de Capoeiras Mestre Pol\u00eamico &#8211; Professor Jo\u00e3o Couto Teixeira e Narra\u00e7\u00e3o de Capoeira Mestre Tat\u00e1 &#8211; Carlos Domingos de La Bianca Bimbato. 6,71 GB. Segunda-feira, 09 de Julho de 1990. HD 1080p."},"content":{"rendered":"\n<figure class=\"wp-block-embed is-type-video is-provider-youtube wp-block-embed-youtube wp-embed-aspect-16-9 wp-has-aspect-ratio\"><div class=\"wp-block-embed__wrapper\">\n<iframe loading=\"lazy\" title=\"\u00c1gua Viva - Defensores da Natureza. CEd 02. Cachoeiras. Pol\u00eamico, Tat\u00e1. Sobradinho. 1,84 GB. 09Jul90\" width=\"500\" height=\"281\" src=\"https:\/\/www.youtube.com\/embed\/2Djh4piqON8?feature=oembed\" frameborder=\"0\" allow=\"accelerometer; autoplay; clipboard-write; encrypted-media; gyroscope; picture-in-picture; web-share\" referrerpolicy=\"strict-origin-when-cross-origin\" allowfullscreen><\/iframe>\n<\/div><\/figure>\n","protected":false},"excerpt":{"rendered":"<p>Universidade Livre de Estudos Culturais da Capoeira &#8211; Universidade da Capoeira &#8211; UNICAPOEIRA, Instituto de Educa\u00e7\u00e3o Socioambiental &#8211; IESAMBI e Grupo de Capoeira Meia Lua &#8211; Fundado em 29 de Maio de 1962. Projeto \u00c1gua Viva &#8211; Defensores da Natureza. Cachoeiras. Capoeira Mestres Pol\u00eamico &#8211; Professor Jo\u00e3o Couto Teixeira e Tat\u00e1 &#8211; Carlos Domingos de la Bianca Bimbato. Centro Educacional 02 &#8211; Ced 02, Diretoria Regional de Ensino &#8211; DRE, Secretaria de Estado de Educa\u00e7\u00e3o &#8211; SEE, Sobradinho, Distrito Federal\/DF, Brasil. Registro de Capoeiras Mestre Pol\u00eamico &#8211; Professor Jo\u00e3o Couto Teixeira e Narra\u00e7\u00e3o de Capoeira Mestre Tat\u00e1 &#8211; Carlos Domingos de La Bianca Bimbato. 6,71 GB. Segunda-feira, 09 de Julho de 1990. HD 1080p.<\/p>\n","protected":false},"author":2,"featured_media":4709,"comment_status":"open","ping_status":"open","sticky":false,"template":"","format":"video","meta":{"footnotes":""},"categories":[4738],"tags":[3669,43,3672,35,2174,3674,3675,241,1737,1742,236,3673,519,3676,2151,3667,258,868,33],"class_list":["post-4708","post","type-post","status-publish","format-video","has-post-thumbnail","hentry","category-iesambi","tag-6-71-gb","tag-brasil","tag-cachoeiras","tag-capoeira-mestre-polemico-professor-joao-couto-teixeira","tag-capoeira-mestre-tata-carlos-domingos-de-la-bianca-bimbato","tag-centro-educacional-02-ced-02","tag-diretoria-regional-de-ensino-dre","tag-distrito-federal-df","tag-grupo-de-capoeira-meia-lua-fundado-em-29-de-maio-de-1962","tag-hd-1080p","tag-instituto-de-educacao-socioambiental-iesambi","tag-projeto-agua-viva-defensores-da-natureza","tag-registro-de-capoeira-mestre-polemico-professor-joao-couto-teixeira","tag-registro-e-narracao-de-capoeira-mestre-tata-carlos-domingos-de-la-bianca-bimbato","tag-secretaria-de-estado-de-educacao-see","tag-segunda-feira-09-de-julho-de-1990","tag-sobradinho","tag-universidade-da-capoeira-unicapoeira","tag-universidade-livre-de-estudos-culturais-da-capoeira","post_format-post-format-video"],"_links":{"self":[{"href":"https:\/\/universidadedacapoeira.com\/index.php\/wp-json\/wp\/v2\/posts\/4708","targetHints":{"allow":["GET"]}}],"collection":[{"href":"https:\/\/universidadedacapoeira.com\/index.php\/wp-json\/wp\/v2\/posts"}],"about":[{"href":"https:\/\/universidadedacapoeira.com\/index.php\/wp-json\/wp\/v2\/types\/post"}],"author":[{"embeddable":true,"href":"https:\/\/universidadedacapoeira.com\/index.php\/wp-json\/wp\/v2\/users\/2"}],"replies":[{"embeddable":true,"href":"https:\/\/universidadedacapoeira.com\/index.php\/wp-json\/wp\/v2\/comments?post=4708"}],"version-history":[{"count":2,"href":"https:\/\/universidadedacapoeira.com\/index.php\/wp-json\/wp\/v2\/posts\/4708\/revisions"}],"predecessor-version":[{"id":5672,"href":"https:\/\/universidadedacapoeira.com\/index.php\/wp-json\/wp\/v2\/posts\/4708\/revisions\/5672"}],"wp:featuredmedia":[{"embeddable":true,"href":"https:\/\/universidadedacapoeira.com\/index.php\/wp-json\/wp\/v2\/media\/4709"}],"wp:attachment":[{"href":"https:\/\/universidadedacapoeira.com\/index.php\/wp-json\/wp\/v2\/media?parent=4708"}],"wp:term":[{"taxonomy":"category","embeddable":true,"href":"https:\/\/universidadedacapoeira.com\/index.php\/wp-json\/wp\/v2\/categories?post=4708"},{"taxonomy":"post_tag","embeddable":true,"href":"https:\/\/universidadedacapoeira.com\/index.php\/wp-json\/wp\/v2\/tags?post=4708"}],"curies":[{"name":"wp","href":"https:\/\/api.w.org\/{rel}","templated":true}]}}