{"id":4603,"date":"2022-01-11T14:52:46","date_gmt":"2022-01-11T17:52:46","guid":{"rendered":"http:\/\/universidadedacapoeira.com\/?p=4603"},"modified":"2023-02-04T17:42:36","modified_gmt":"2023-02-04T20:42:36","slug":"danca-de-guerra-texto-sampaio-gerbasi-narracao-william-mendonca-colaboracao-claudio-reis-som-direto-djalma-correia-montagem-mario-murakami-fotografia-luiz-gonzaga-laboratorios-imagens-lider-so","status":"publish","type":"post","link":"https:\/\/universidadedacapoeira.com\/index.php\/2022\/01\/11\/danca-de-guerra-texto-sampaio-gerbasi-narracao-william-mendonca-colaboracao-claudio-reis-som-direto-djalma-correia-montagem-mario-murakami-fotografia-luiz-gonzaga-laboratorios-imagens-lider-so\/","title":{"rendered":"Dan\u00e7a de Guerra: Texto Sampaio Gerbasi, Narra\u00e7\u00e3o William Mendon\u00e7a, Colabora\u00e7\u00e3o Claudio Reis, Som Direto Djalma Correia, Montagem Mario Murakami, Fotografia Luiz Gonzaga, Laborat\u00f3rios Imagens Lider, Som Tecnisom, Produtor Associado Agnaldo Azevedo, Argumento, Produ\u00e7\u00e3o e Dire\u00e7\u00e3o Jair Moura. Nazar\u00e9 das Farinhas e Salvador, Bahia\/BA, Brasil. 1,09 GB. Segunda-feira, 05 de Junho de 1972."},"content":{"rendered":"\n<figure class=\"wp-block-embed is-type-video is-provider-youtube wp-block-embed-youtube wp-embed-aspect-16-9 wp-has-aspect-ratio\"><div class=\"wp-block-embed__wrapper\">\n<iframe loading=\"lazy\" title=\"Dan\u00e7a de Guerra: Argumento, Produ\u00e7\u00e3o e Dire\u00e7\u00e3o - Jair Moura. Capoeira Mestre Bimba. 1,09 GB. 05Jun72\" width=\"500\" height=\"281\" src=\"https:\/\/www.youtube.com\/embed\/3mc_PyLmAiE?feature=oembed\" frameborder=\"0\" allow=\"accelerometer; autoplay; clipboard-write; encrypted-media; gyroscope; picture-in-picture; web-share\" referrerpolicy=\"strict-origin-when-cross-origin\" allowfullscreen><\/iframe>\n<\/div><\/figure>\n","protected":false},"excerpt":{"rendered":"<p>Dan\u00e7a de Guerra: Texto Sampaio Gerbasi, Narra\u00e7\u00e3o William Mendon\u00e7a, Colabora\u00e7\u00e3o Claudio Reis, Som Direto Djalma Correia, Montagem Mario Murakami, Fotografia Luiz Gonzaga, Laborat\u00f3rios Imagens Lider, Som Tecnisom, Produtor Associado Agnaldo Azevedo, Argumento, Produ\u00e7\u00e3o e Dire\u00e7\u00e3o Jair Moura. Nazar\u00e9 das Farinhas e Salvador, Bahia\/BA, Brasil. 1,09 GB. Segunda-feira, 05 de Junho de 1972.<\/p>\n","protected":false},"author":2,"featured_media":4604,"comment_status":"open","ping_status":"open","sticky":false,"template":"","format":"video","meta":{"footnotes":""},"categories":[4729],"tags":[879,3511,82,43,3506,3504,3509,3514,3505,3508,3512,3510,863,3515,3503,3513,3507],"class_list":["post-4603","post","type-post","status-publish","format-video","has-post-thumbnail","hentry","category-capoeira","tag-1-09-gb","tag-argumento-producao-e-direcao-jair-moura","tag-bahia-ba","tag-brasil","tag-colaboracao-claudio-reis","tag-danca-de-guerra","tag-fotografia-luiz-gonzaga","tag-laboratorios-imagens-lider","tag-montagem-mario-murakami","tag-narracao-william-mendonca","tag-nazare-das-farinhas","tag-produtor-associado-agnaldo-azevedo","tag-salvador","tag-segunda-feira-05-de-junho-de-1972","tag-som-direto-djalma-correia","tag-som-tecnisom","tag-texto-sampaio-gerbasi","post_format-post-format-video"],"_links":{"self":[{"href":"https:\/\/universidadedacapoeira.com\/index.php\/wp-json\/wp\/v2\/posts\/4603","targetHints":{"allow":["GET"]}}],"collection":[{"href":"https:\/\/universidadedacapoeira.com\/index.php\/wp-json\/wp\/v2\/posts"}],"about":[{"href":"https:\/\/universidadedacapoeira.com\/index.php\/wp-json\/wp\/v2\/types\/post"}],"author":[{"embeddable":true,"href":"https:\/\/universidadedacapoeira.com\/index.php\/wp-json\/wp\/v2\/users\/2"}],"replies":[{"embeddable":true,"href":"https:\/\/universidadedacapoeira.com\/index.php\/wp-json\/wp\/v2\/comments?post=4603"}],"version-history":[{"count":2,"href":"https:\/\/universidadedacapoeira.com\/index.php\/wp-json\/wp\/v2\/posts\/4603\/revisions"}],"predecessor-version":[{"id":5707,"href":"https:\/\/universidadedacapoeira.com\/index.php\/wp-json\/wp\/v2\/posts\/4603\/revisions\/5707"}],"wp:featuredmedia":[{"embeddable":true,"href":"https:\/\/universidadedacapoeira.com\/index.php\/wp-json\/wp\/v2\/media\/4604"}],"wp:attachment":[{"href":"https:\/\/universidadedacapoeira.com\/index.php\/wp-json\/wp\/v2\/media?parent=4603"}],"wp:term":[{"taxonomy":"category","embeddable":true,"href":"https:\/\/universidadedacapoeira.com\/index.php\/wp-json\/wp\/v2\/categories?post=4603"},{"taxonomy":"post_tag","embeddable":true,"href":"https:\/\/universidadedacapoeira.com\/index.php\/wp-json\/wp\/v2\/tags?post=4603"}],"curies":[{"name":"wp","href":"https:\/\/api.w.org\/{rel}","templated":true}]}}