{"id":4600,"date":"2022-01-11T13:22:34","date_gmt":"2022-01-11T16:22:34","guid":{"rendered":"http:\/\/universidadedacapoeira.com\/?p=4600"},"modified":"2023-02-04T17:42:58","modified_gmt":"2023-02-04T20:42:58","slug":"capoeira-mestre-bimba-manoel-dos-reis-machado-mudou-se-de-salvador-a-convite-de-seu-aluno-capoeira-mestre-oswaldo-de-souza-mudou-se-para-goiania-acompanhado-de-duas-familias-vinte-e-tres-pessoa","status":"publish","type":"post","link":"https:\/\/universidadedacapoeira.com\/index.php\/2022\/01\/11\/capoeira-mestre-bimba-manoel-dos-reis-machado-mudou-se-de-salvador-a-convite-de-seu-aluno-capoeira-mestre-oswaldo-de-souza-mudou-se-para-goiania-acompanhado-de-duas-familias-vinte-e-tres-pessoa\/","title":{"rendered":"Capoeira Mestre Bimba &#8211; Manoel dos Reis Machado, Mudou-se de Salvador a convite de seu Aluno, Capoeira Mestre Oswaldo de Souza, Mudou-se para Goi\u00e2nia acompanhado de duas fam\u00edlias &#8211; vinte e tr\u00eas pessoas, Faleceu um ano depois de se mudar com as fam\u00edlias, Goi\u00e2nia, Goi\u00e1s\/GO, Brasil, 199.3 MB. Ter\u00e7a-feira &#8211; 05 de Fevereiro de 1974"},"content":{"rendered":"\n<figure class=\"wp-block-embed is-type-video is-provider-youtube wp-block-embed-youtube wp-embed-aspect-16-9 wp-has-aspect-ratio\"><div class=\"wp-block-embed__wrapper\">\n<iframe loading=\"lazy\" title=\"Mestre Bimba - Manoel dos Reis Machado: Aluno Oswaldo de Souza. Goi\u00e2nia, GO, Brasil. 199,3 MB\/05ev74\" width=\"500\" height=\"281\" src=\"https:\/\/www.youtube.com\/embed\/XvyHxKLXGpY?feature=oembed\" frameborder=\"0\" allow=\"accelerometer; autoplay; clipboard-write; encrypted-media; gyroscope; picture-in-picture; web-share\" referrerpolicy=\"strict-origin-when-cross-origin\" allowfullscreen><\/iframe>\n<\/div><\/figure>\n","protected":false},"excerpt":{"rendered":"<p>Capoeira Mestre Bimba &#8211; Manoel dos Reis Machado, Mudou-se de Salvador a convite de seu Aluno, Capoeira Mestre Oswaldo de Souza, Mudou-se para Goi\u00e2nia acompanhado de duas fam\u00edlias &#8211; vinte e tr\u00eas pessoas, Faleceu um ano depois de se mudar com as fam\u00edlias, Goi\u00e2nia, Goi\u00e1s\/GO, Brasil, 199.3 MB. Ter\u00e7a-feira &#8211; 05 de Fevereiro de 1974<\/p>\n","protected":false},"author":2,"featured_media":4601,"comment_status":"open","ping_status":"open","sticky":false,"template":"","format":"video","meta":{"footnotes":""},"categories":[4729],"tags":[3502,43,3500,3496,3499,3497,2034,3498,3501],"class_list":["post-4600","post","type-post","status-publish","format-video","has-post-thumbnail","hentry","category-capoeira","tag-199-3-mb-terca-feira-05-de-fevereiro-de-1974","tag-brasil","tag-capoeira-mestre-bimba-manoel-dos-reis-machado","tag-capoeira-mestre-oswaldo-de-souza","tag-faleceu-um-ano-depois-de-se-mudar-com-as-familias","tag-goiania","tag-goias-go","tag-mudou-se-de-salvador-a-convite-de-seu-aluno","tag-mudou-se-para-goiania-acompanhado-de-duas-familias-vinte-e-tres-pessoas","post_format-post-format-video"],"_links":{"self":[{"href":"https:\/\/universidadedacapoeira.com\/index.php\/wp-json\/wp\/v2\/posts\/4600","targetHints":{"allow":["GET"]}}],"collection":[{"href":"https:\/\/universidadedacapoeira.com\/index.php\/wp-json\/wp\/v2\/posts"}],"about":[{"href":"https:\/\/universidadedacapoeira.com\/index.php\/wp-json\/wp\/v2\/types\/post"}],"author":[{"embeddable":true,"href":"https:\/\/universidadedacapoeira.com\/index.php\/wp-json\/wp\/v2\/users\/2"}],"replies":[{"embeddable":true,"href":"https:\/\/universidadedacapoeira.com\/index.php\/wp-json\/wp\/v2\/comments?post=4600"}],"version-history":[{"count":2,"href":"https:\/\/universidadedacapoeira.com\/index.php\/wp-json\/wp\/v2\/posts\/4600\/revisions"}],"predecessor-version":[{"id":5708,"href":"https:\/\/universidadedacapoeira.com\/index.php\/wp-json\/wp\/v2\/posts\/4600\/revisions\/5708"}],"wp:featuredmedia":[{"embeddable":true,"href":"https:\/\/universidadedacapoeira.com\/index.php\/wp-json\/wp\/v2\/media\/4601"}],"wp:attachment":[{"href":"https:\/\/universidadedacapoeira.com\/index.php\/wp-json\/wp\/v2\/media?parent=4600"}],"wp:term":[{"taxonomy":"category","embeddable":true,"href":"https:\/\/universidadedacapoeira.com\/index.php\/wp-json\/wp\/v2\/categories?post=4600"},{"taxonomy":"post_tag","embeddable":true,"href":"https:\/\/universidadedacapoeira.com\/index.php\/wp-json\/wp\/v2\/tags?post=4600"}],"curies":[{"name":"wp","href":"https:\/\/api.w.org\/{rel}","templated":true}]}}