{"id":4564,"date":"2022-01-10T20:13:16","date_gmt":"2022-01-10T23:13:16","guid":{"rendered":"http:\/\/universidadedacapoeira.com\/?p=4564"},"modified":"2023-02-04T17:48:51","modified_gmt":"2023-02-04T20:48:51","slug":"universidade-livre-de-estudos-culturais-da-capoeira-universidade-da-capoeira-unicapoeira-instituto-de-educacao-socioambiental-iesambi-e-grupo-de-capoeira-meia-lua-fundado-em-29-de-maio-de-196-16","status":"publish","type":"post","link":"https:\/\/universidadedacapoeira.com\/index.php\/2022\/01\/10\/universidade-livre-de-estudos-culturais-da-capoeira-universidade-da-capoeira-unicapoeira-instituto-de-educacao-socioambiental-iesambi-e-grupo-de-capoeira-meia-lua-fundado-em-29-de-maio-de-196-16\/","title":{"rendered":"Universidade Livre de Estudos Culturais da Capoeira &#8211; Universidade da Capoeira &#8211; UNICAPOEIRA, Instituto de Educa\u00e7\u00e3o Socioambiental &#8211; IESAMBI e Grupo de Capoeira Meia Lua &#8211; Fundado em 29 de Maio de 1962. Homenagem. Capoeira Mestres On\u00e7a Tigre &#8211; Doutor Milton Freire de Carvalho, Pombo de Ouro &#8211; Jos\u00e9 Bispo Correia, Danadinho &#8211; Cl\u00e1udio Jos\u00e9 Pinheiro Villar de Queiroz, Jos\u00e9 Paulo Santos, Diabo Louro &#8211; Leonides de la Bianca Bimbato, Pol\u00eamico &#8211; Professor Jo\u00e3o Couto Teixeira, Ricardo Bomfim, Bom Menino &#8211; Aluizio de Melo Cavalcante J\u00fanior, Zangado &#8211; Fernando Alves, Professores Par\u00e1 &#8211; H\u00e9rcules, Radi &#8211; Vassili Ivanov e J\u00e1como Queiroz. CASEB, Secretaria de Estado de Educa\u00e7\u00e3o &#8211; SEE, Bras\u00edlia, Distrito Federal\/DF, Brasil. Registro de Capoeiras Lua Bonita &#8211; Ana Cl\u00e1udia Sousa Vieira e Doutor Peter Faluhelyi. 1,03 GB. Sexta-feira, 05 de Junho de 1998."},"content":{"rendered":"\n<figure class=\"wp-block-embed is-type-video is-provider-youtube wp-block-embed-youtube wp-embed-aspect-16-9 wp-has-aspect-ratio\"><div class=\"wp-block-embed__wrapper\">\n<iframe loading=\"lazy\" title=\"Meia Lua Homenagem: Mestre On\u00e7a Tigre - Doutor Milton Freire de Carvalho. Bras\u00edlia. 1,03 GB. 05Jun98\" width=\"500\" height=\"281\" src=\"https:\/\/www.youtube.com\/embed\/VR5nDInKzek?feature=oembed\" frameborder=\"0\" allow=\"accelerometer; autoplay; clipboard-write; encrypted-media; gyroscope; picture-in-picture; web-share\" referrerpolicy=\"strict-origin-when-cross-origin\" allowfullscreen><\/iframe>\n<\/div><\/figure>\n","protected":false},"excerpt":{"rendered":"<p>Universidade Livre de Estudos Culturais da Capoeira &#8211; Universidade da Capoeira &#8211; UNICAPOEIRA, Instituto de Educa\u00e7\u00e3o Socioambiental &#8211; IESAMBI e Grupo de Capoeira Meia Lua &#8211; Fundado em 29 de Maio de 1962. Homenagem. Capoeira Mestres On\u00e7a Tigre &#8211; Doutor Milton Freire de Carvalho, Pombo de Ouro &#8211; Jos\u00e9 Bispo Correia, Danadinho &#8211; Cl\u00e1udio Jos\u00e9 Pinheiro Villar de Queiroz, Jos\u00e9 Paulo Santos, Diabo Louro &#8211; Leonides de la Bianca Bimbato, Pol\u00eamico &#8211; Professor Jo\u00e3o Couto Teixeira, Ricardo Bomfim, Bom Menino &#8211; Aluizio de Melo Cavalcante J\u00fanior, Zangado &#8211; Fernando Alves, Professores Par\u00e1 &#8211; H\u00e9rcules, Radi &#8211; Vassili Ivanov e J\u00e1como Queiroz. CASEB, Secretaria de Estado de Educa\u00e7\u00e3o &#8211; SEE, Bras\u00edlia, Distrito Federal\/DF, Brasil. Registro de Capoeiras Lua Bonita &#8211; Ana Cl\u00e1udia Sousa Vieira e Doutor Peter Faluhelyi. 1,03 GB. Sexta-feira, 05 de Junho de 1998.<\/p>\n","protected":false},"author":2,"featured_media":4565,"comment_status":"open","ping_status":"open","sticky":false,"template":"","format":"video","meta":{"footnotes":""},"categories":[4737],"tags":[3440,43,59,3432,592,150,1995,58,35,1969,2119,3338,2202,3402,3393,3403,241,1737,169,236,3379,3427,2151,3438,868,33],"class_list":["post-4564","post","type-post","status-publish","format-video","has-post-thumbnail","hentry","category-mestre-onca-tigre","tag-1-03-gb","tag-brasil","tag-brasilia","tag-capoeira-mestre-bom-menino-aluizio-de-melo-cavalcante-junior","tag-capoeira-mestre-danadinho-claudio-jose-pinheiro-villar-de-queiroz","tag-capoeira-mestre-diabo-louro-leonides-de-la-bianca-bimbato","tag-capoeira-mestre-jose-paulo-santos","tag-capoeira-mestre-onca-tigre-doutor-milton-freire-de-carvalho","tag-capoeira-mestre-polemico-professor-joao-couto-teixeira","tag-capoeira-mestre-pombo-de-ouro-jose-bispo-correia","tag-capoeira-mestre-ricardo-bomfim","tag-capoeira-mestre-zangado-fernando-alves","tag-capoeira-professor-jacomo-queiroz","tag-capoeira-professor-para-hercules","tag-capoeira-professor-radi-vassili-ivanov","tag-caseb","tag-distrito-federal-df","tag-grupo-de-capoeira-meia-lua-fundado-em-29-de-maio-de-1962","tag-homenagem","tag-instituto-de-educacao-socioambiental-iesambi","tag-registro-de-capoeira-doutor-peter-faluhelyi","tag-registro-de-capoeira-professora-lua-bonita-ana-claudia-sousa-vieira","tag-secretaria-de-estado-de-educacao-see","tag-sexta-feira-05-de-junho-de-1998","tag-universidade-da-capoeira-unicapoeira","tag-universidade-livre-de-estudos-culturais-da-capoeira","post_format-post-format-video"],"_links":{"self":[{"href":"https:\/\/universidadedacapoeira.com\/index.php\/wp-json\/wp\/v2\/posts\/4564","targetHints":{"allow":["GET"]}}],"collection":[{"href":"https:\/\/universidadedacapoeira.com\/index.php\/wp-json\/wp\/v2\/posts"}],"about":[{"href":"https:\/\/universidadedacapoeira.com\/index.php\/wp-json\/wp\/v2\/types\/post"}],"author":[{"embeddable":true,"href":"https:\/\/universidadedacapoeira.com\/index.php\/wp-json\/wp\/v2\/users\/2"}],"replies":[{"embeddable":true,"href":"https:\/\/universidadedacapoeira.com\/index.php\/wp-json\/wp\/v2\/comments?post=4564"}],"version-history":[{"count":2,"href":"https:\/\/universidadedacapoeira.com\/index.php\/wp-json\/wp\/v2\/posts\/4564\/revisions"}],"predecessor-version":[{"id":5720,"href":"https:\/\/universidadedacapoeira.com\/index.php\/wp-json\/wp\/v2\/posts\/4564\/revisions\/5720"}],"wp:featuredmedia":[{"embeddable":true,"href":"https:\/\/universidadedacapoeira.com\/index.php\/wp-json\/wp\/v2\/media\/4565"}],"wp:attachment":[{"href":"https:\/\/universidadedacapoeira.com\/index.php\/wp-json\/wp\/v2\/media?parent=4564"}],"wp:term":[{"taxonomy":"category","embeddable":true,"href":"https:\/\/universidadedacapoeira.com\/index.php\/wp-json\/wp\/v2\/categories?post=4564"},{"taxonomy":"post_tag","embeddable":true,"href":"https:\/\/universidadedacapoeira.com\/index.php\/wp-json\/wp\/v2\/tags?post=4564"}],"curies":[{"name":"wp","href":"https:\/\/api.w.org\/{rel}","templated":true}]}}