{"id":4528,"date":"2022-01-06T12:24:48","date_gmt":"2022-01-06T15:24:48","guid":{"rendered":"http:\/\/universidadedacapoeira.com\/?p=4528"},"modified":"2023-02-04T17:53:51","modified_gmt":"2023-02-04T20:53:51","slug":"universidade-livre-de-estudos-culturais-da-capoeira-universidade-da-capoeira-unicapoeira-instituto-de-educacao-socioambiental-iesambi-grupo-de-capoeira-meia-lua-fundado-em-29-de-maio-de-1962-13","status":"publish","type":"post","link":"https:\/\/universidadedacapoeira.com\/index.php\/2022\/01\/06\/universidade-livre-de-estudos-culturais-da-capoeira-universidade-da-capoeira-unicapoeira-instituto-de-educacao-socioambiental-iesambi-grupo-de-capoeira-meia-lua-fundado-em-29-de-maio-de-1962-13\/","title":{"rendered":"Universidade Livre de Estudos Culturais da Capoeira, Universidade da Capoeira &#8211; UNICAPOEIRA, Instituto de Educa\u00e7\u00e3o Socioambiental &#8211; IESAMBI, Grupo de Capoeira Meia Lua &#8211; Fundado em 29 de Maio de 1962, Capoeira Mestre Jo\u00e3o Pequeno &#8211; Jo\u00e3o Pereira dos Santos, DEFER, Capoeira Mestre On\u00e7a Tigre &#8211; Doutor Milton Freire de Carvalho, Ro\u00e7a do Lobo, Capoeira Mestre Pombo de Ouro &#8211; Jos\u00e9 Bispo Correia, Capoeira Mestre H\u00e9lio Tabosa de Moraes, Capoeira Mestre Bartolomeu Vieira das Chagas, Capoeira Mestre Squisyto &#8211; Reginaldo Silveira da Costa, Capoeira Mestre Tat\u00e1 &#8211; Carlos Domingos de La Bianca Bimbato, Capoeira Mestre Adelmo Pereira Lima, Capoeira Mestre Bom Menino &#8211; Aluizio de Melo Cavalcante Neto, Capoeira Mestre Zangado &#8211; Fernando Alves, Capoeira Mestre Lua Bonita &#8211; Ana Cl\u00e1udia Sousa Vieira, Ceil\u00e2ndia, Capoeira Mestre Barba &#8211; Roberto, Capoeira Mestre Alexandre Jos\u00e9 Ribeiro de Amorim, Capoeira Mestre Can Can &#8211; Alexandre Juan Rabelo, Meia Lua de Juiz de Fora, Boca Senzala &#8211; Humberto Barbosa de Souza e Grupo, Capoeira Mestre Pez\u00e3o &#8211; Jos\u00e9 Ribamar Teixeira Silva, Restaurante Carpe Diem, Movimentos e Sequ\u00eancias, Grava\u00e7\u00e3o do Primeiro e Lan\u00e7amento do Segundo CD, Centro de Ensino M\u00e9dio Setor Leste &#8211; CEMSL, Secretaria de Estado de Educa\u00e7\u00e3o &#8211; SEE, Bras\u00edlia, Distrito Federal\/DF, Brasil, Registro de Capoeira Mestre Pol\u00eamico &#8211; Professor Jo\u00e3o Couto Teixeira, 14.99 GB, Quarta-feira &#8211; 31 de Outubro de 1996, S\u00e1bado &#8211; 27 de Dezembro de 1997, S\u00e1bado &#8211; 16 de Maio e Sexta-feira &#8211; 05 de Junho de 1998"},"content":{"rendered":"\n<figure class=\"wp-block-embed is-type-video is-provider-youtube wp-block-embed-youtube wp-embed-aspect-16-9 wp-has-aspect-ratio\"><div class=\"wp-block-embed__wrapper\">\n<iframe loading=\"lazy\" title=\"Capoeira Mestre On\u00e7a Tigre: Meia Lua. Movimentos e Sequ\u00eancias, DEFER, Ro\u00e7a do Lobo. 14,99 GB\/31Out96\" width=\"500\" height=\"281\" src=\"https:\/\/www.youtube.com\/embed\/XcBE_NQ81r0?feature=oembed\" frameborder=\"0\" allow=\"accelerometer; autoplay; clipboard-write; encrypted-media; gyroscope; picture-in-picture; web-share\" referrerpolicy=\"strict-origin-when-cross-origin\" allowfullscreen><\/iframe>\n<\/div><\/figure>\n","protected":false},"excerpt":{"rendered":"<p>Universidade Livre de Estudos Culturais da Capoeira &#8211; Universidade da Capoeira &#8211; UNICAPOEIRA, Instituto de Educa\u00e7\u00e3o Socioambiental &#8211; IESAMBI e Grupo de Capoeira Meia Lua &#8211; Fundado em 29 de Maio de 1962. Capoeira Mestres Jo\u00e3o Pequeno &#8211; Jo\u00e3o Pereira dos Santos, DEFER. On\u00e7a Tigre &#8211; Doutor Milton Freire de Carvalho, Ro\u00e7a do Lobo. Pombo de Ouro &#8211; Jos\u00e9 Bispo Correia, H\u00e9lio Tabosa de Moraes, Bartolomeu Vieira das Chagas, Squisyto &#8211; Reginaldo Silveira da Costa, Tat\u00e1 &#8211; Carlos Domingos de La Bianca Bimbato, Adelmo Pereira Lima, Bom Menino &#8211; Aluizio de Melo Cavalcante Neto, Zangado &#8211; Fernando Alves, Lua Bonita &#8211; Ana Cl\u00e1udia Sousa Vieira, Ceil\u00e2ndia.  Barba &#8211; Roberto, Alexandre Jos\u00e9 Ribeiro de Amorim e Can Can &#8211; Alexandre Juan Rabelo, Meia Lua de Juiz de Fora. Boca Senzala &#8211; Humberto Barbosa de Souza e Grupo. Pez\u00e3o &#8211; Jos\u00e9 Ribamar Teixeira Silva, Restaurante Carpe Diem. Movimentos e Sequ\u00eancias. Grava\u00e7\u00e3o do Primeiro e Lan\u00e7amento do Segundo CD. Centro de Ensino M\u00e9dio Setor Leste &#8211; CEMSL, Secretaria de Estado de Educa\u00e7\u00e3o &#8211; SEE, Bras\u00edlia, Distrito Federal\/DF, Brasil. Registro de Capoeira Mestre Pol\u00eamico &#8211; Professor Jo\u00e3o Couto Teixeira. 14,99 GB. Quarta-feira, 31 de Outubro de 1996. S\u00e1bado, 27 de Dezembro de 1997. S\u00e1bado, 16 de Maio e Sexta-feira, 05 de Junho de 1998.<\/p>\n","protected":false},"author":2,"featured_media":4529,"comment_status":"open","ping_status":"open","sticky":false,"template":"","format":"video","meta":{"footnotes":""},"categories":[4737],"tags":[3348,3343,43,59,3056,155,3341,1643,3337,156,274,3333,3339,58,3344,1969,3336,2174,3338,3340,2011,3334,241,3346,1737,236,3342,3347,3349,519,3345,3335,3351,3350,2151,868,33],"class_list":["post-4528","post","type-post","status-publish","format-video","has-post-thumbnail","hentry","category-mestre-onca-tigre","tag-14-99-gb","tag-boca-senzala-humberto-barbosa-de-souza-e-grupo","tag-brasil","tag-brasilia","tag-capoeira-mestre-adelmo-pereira-lima","tag-capoeira-mestre-alexandre-jose-ribeiro-de-amorim","tag-capoeira-mestre-barba-roberto","tag-capoeira-mestre-bartolomeu-vieira-das-chagas","tag-capoeira-mestre-bom-menino-aluizio-de-melo-cavalcante-neto","tag-capoeira-mestre-can-can-alexandre-juan-rabelo","tag-capoeira-mestre-helio-tabosa-de-moraes","tag-capoeira-mestre-joao-pequeno-joao-pereira-dos-santos","tag-capoeira-mestre-lua-bonita-ana-claudia-sousa-vieira","tag-capoeira-mestre-onca-tigre-doutor-milton-freire-de-carvalho","tag-capoeira-mestre-pezao-jose-ribamar-teixeira-silva","tag-capoeira-mestre-pombo-de-ouro-jose-bispo-correia","tag-capoeira-mestre-squisyto-reginaldo-silveira-da-costa","tag-capoeira-mestre-tata-carlos-domingos-de-la-bianca-bimbato","tag-capoeira-mestre-zangado-fernando-alves","tag-ceilandia","tag-centro-de-ensino-medio-setor-leste-cemsl","tag-defer","tag-distrito-federal-df","tag-gravacao-do-primeiro-e-lancamento-do-segundo-cd","tag-grupo-de-capoeira-meia-lua-fundado-em-29-de-maio-de-1962","tag-instituto-de-educacao-socioambiental-iesambi","tag-meia-lua-de-juiz-de-fora","tag-movimentos-e-sequencias","tag-quarta-feira-31-de-outubro-de-1996","tag-registro-de-capoeira-mestre-polemico-professor-joao-couto-teixeira","tag-restaurante-carpe-diem","tag-roca-do-lobo","tag-sabado-16-de-maio-e-sexta-feira-05-de-junho-de-1998","tag-sabado-27-de-dezembro-de-1997","tag-secretaria-de-estado-de-educacao-see","tag-universidade-da-capoeira-unicapoeira","tag-universidade-livre-de-estudos-culturais-da-capoeira","post_format-post-format-video"],"_links":{"self":[{"href":"https:\/\/universidadedacapoeira.com\/index.php\/wp-json\/wp\/v2\/posts\/4528","targetHints":{"allow":["GET"]}}],"collection":[{"href":"https:\/\/universidadedacapoeira.com\/index.php\/wp-json\/wp\/v2\/posts"}],"about":[{"href":"https:\/\/universidadedacapoeira.com\/index.php\/wp-json\/wp\/v2\/types\/post"}],"author":[{"embeddable":true,"href":"https:\/\/universidadedacapoeira.com\/index.php\/wp-json\/wp\/v2\/users\/2"}],"replies":[{"embeddable":true,"href":"https:\/\/universidadedacapoeira.com\/index.php\/wp-json\/wp\/v2\/comments?post=4528"}],"version-history":[{"count":2,"href":"https:\/\/universidadedacapoeira.com\/index.php\/wp-json\/wp\/v2\/posts\/4528\/revisions"}],"predecessor-version":[{"id":5732,"href":"https:\/\/universidadedacapoeira.com\/index.php\/wp-json\/wp\/v2\/posts\/4528\/revisions\/5732"}],"wp:featuredmedia":[{"embeddable":true,"href":"https:\/\/universidadedacapoeira.com\/index.php\/wp-json\/wp\/v2\/media\/4529"}],"wp:attachment":[{"href":"https:\/\/universidadedacapoeira.com\/index.php\/wp-json\/wp\/v2\/media?parent=4528"}],"wp:term":[{"taxonomy":"category","embeddable":true,"href":"https:\/\/universidadedacapoeira.com\/index.php\/wp-json\/wp\/v2\/categories?post=4528"},{"taxonomy":"post_tag","embeddable":true,"href":"https:\/\/universidadedacapoeira.com\/index.php\/wp-json\/wp\/v2\/tags?post=4528"}],"curies":[{"name":"wp","href":"https:\/\/api.w.org\/{rel}","templated":true}]}}