{"id":4465,"date":"2022-01-05T16:38:46","date_gmt":"2022-01-05T19:38:46","guid":{"rendered":"http:\/\/universidadedacapoeira.com\/?p=4465"},"modified":"2023-02-05T06:48:16","modified_gmt":"2023-02-05T09:48:16","slug":"doutor-mozart-geraldo-teixeira-professor-emerito-universidade-federal-de-juiz-de-fora-ufjf-sala-de-tv-tiguera-360-juiz-de-fora-minas-gerais-mg-brasil-registro-de-capoeira-mestre-polemico-p","status":"publish","type":"post","link":"https:\/\/universidadedacapoeira.com\/index.php\/2022\/01\/05\/doutor-mozart-geraldo-teixeira-professor-emerito-universidade-federal-de-juiz-de-fora-ufjf-sala-de-tv-tiguera-360-juiz-de-fora-minas-gerais-mg-brasil-registro-de-capoeira-mestre-polemico-p\/","title":{"rendered":"Universidade Livre de Estudos Culturais da Capoeira &#8211; Universidade da Capoeira &#8211; UNICAPOEIRA, Instituto de Educa\u00e7\u00e3o Socioambiental &#8211; IESAMBI, Associa\u00e7\u00e3o de Capoeira &#8211; ASCA e Grupo de Capoeira MEIA LUA &#8211; Fundado em 29 de Maio de 1962. Doutor Mozart Geraldo Teixeira: Professor Em\u00e9rito. Universidade Federal de Juiz de Fora &#8211; UFJF. Sala de TV, Tig\u00fcera 360, Juiz de Fora, Minas Gerais\/MG, Brasil. Registro de Capoeira Mestre Pol\u00eamico &#8211; Professor Jo\u00e3o Couto Teixeira. Arquivo de Marial\u00fa. IMG_2844. 2,33 GB. 21h23. Domingo, 26 de Dezembro de 2021. Sexta-feira, 18 de Dezembro de 1998."},"content":{"rendered":"\n<figure class=\"wp-block-embed is-type-video is-provider-youtube wp-block-embed-youtube wp-embed-aspect-16-9 wp-has-aspect-ratio\"><div class=\"wp-block-embed__wrapper\">\n<iframe loading=\"lazy\" title=\"Doutor Mozart Geraldo Teixeira: Professor Em\u00e9rito. Juiz de Fora, Brasil. IMG_2844. 2,33 GB. 18Dez98\" width=\"500\" height=\"281\" src=\"https:\/\/www.youtube.com\/embed\/XPWKIMpwTq4?feature=oembed\" frameborder=\"0\" allow=\"accelerometer; autoplay; clipboard-write; encrypted-media; gyroscope; picture-in-picture; web-share\" referrerpolicy=\"strict-origin-when-cross-origin\" allowfullscreen><\/iframe>\n<\/div><\/figure>\n","protected":false},"excerpt":{"rendered":"<p>Doutor Mozart Geraldo Teixeira: Professor Em\u00e9rito. Universidade Federal de Juiz de Fora &#8211; UFJF. Sala de TV, Tig\u00fcera 360, Juiz de Fora, Minas Gerais\/MG, Brasil. Registro de Capoeira Mestre Pol\u00eamico &#8211; Professor Jo\u00e3o Couto Teixeira. Arquivo de Marial\u00fa. IMG_2844. 2,33 GB. 21h23. Domingo, 26 de Dezembro de 2021. Sexta-feira, 18 de Dezembro de 1998.<\/p>\n","protected":false},"author":2,"featured_media":4466,"comment_status":"open","ping_status":"open","sticky":false,"template":"","format":"video","meta":{"footnotes":""},"categories":[4741],"tags":[1654,3201,3203,3199,43,3202,3197,3200,55,42,3198,519,1746,3204,120,214],"class_list":["post-4465","post","type-post","status-publish","format-video","has-post-thumbnail","hentry","category-familia","tag-2-33-gb","tag-21h23","tag-26-de-dezembro-de-2021","tag-arquivo-de-marialu","tag-brasil","tag-domingo","tag-doutor-mozart-geraldo-teixeira","tag-img_2844","tag-juiz-de-fora","tag-minas-gerais-mg","tag-professor-emerito","tag-registro-de-capoeira-mestre-polemico-professor-joao-couto-teixeira","tag-sala-de-tv","tag-sexta-feira-18-de-dezembro-de-1998","tag-tiguera-360","tag-universidade-federal-de-juiz-de-fora-ufjf","post_format-post-format-video"],"_links":{"self":[{"href":"https:\/\/universidadedacapoeira.com\/index.php\/wp-json\/wp\/v2\/posts\/4465","targetHints":{"allow":["GET"]}}],"collection":[{"href":"https:\/\/universidadedacapoeira.com\/index.php\/wp-json\/wp\/v2\/posts"}],"about":[{"href":"https:\/\/universidadedacapoeira.com\/index.php\/wp-json\/wp\/v2\/types\/post"}],"author":[{"embeddable":true,"href":"https:\/\/universidadedacapoeira.com\/index.php\/wp-json\/wp\/v2\/users\/2"}],"replies":[{"embeddable":true,"href":"https:\/\/universidadedacapoeira.com\/index.php\/wp-json\/wp\/v2\/comments?post=4465"}],"version-history":[{"count":2,"href":"https:\/\/universidadedacapoeira.com\/index.php\/wp-json\/wp\/v2\/posts\/4465\/revisions"}],"predecessor-version":[{"id":5755,"href":"https:\/\/universidadedacapoeira.com\/index.php\/wp-json\/wp\/v2\/posts\/4465\/revisions\/5755"}],"wp:featuredmedia":[{"embeddable":true,"href":"https:\/\/universidadedacapoeira.com\/index.php\/wp-json\/wp\/v2\/media\/4466"}],"wp:attachment":[{"href":"https:\/\/universidadedacapoeira.com\/index.php\/wp-json\/wp\/v2\/media?parent=4465"}],"wp:term":[{"taxonomy":"category","embeddable":true,"href":"https:\/\/universidadedacapoeira.com\/index.php\/wp-json\/wp\/v2\/categories?post=4465"},{"taxonomy":"post_tag","embeddable":true,"href":"https:\/\/universidadedacapoeira.com\/index.php\/wp-json\/wp\/v2\/tags?post=4465"}],"curies":[{"name":"wp","href":"https:\/\/api.w.org\/{rel}","templated":true}]}}