{"id":4421,"date":"2021-12-17T21:40:10","date_gmt":"2021-12-18T00:40:10","guid":{"rendered":"http:\/\/universidadedacapoeira.com\/?p=4421"},"modified":"2023-02-05T06:54:26","modified_gmt":"2023-02-05T09:54:26","slug":"orquestra-harmonica-de-berimbaus-universidade-livre-de-estudos-culturais-da-capoeira-universidade-da-capoeira-unicapoeira-grupo-de-capoeira-meia-lua-fundado-em-29-de-maio-de-1962-e-instituto-d-40","status":"publish","type":"post","link":"https:\/\/universidadedacapoeira.com\/index.php\/2021\/12\/17\/orquestra-harmonica-de-berimbaus-universidade-livre-de-estudos-culturais-da-capoeira-universidade-da-capoeira-unicapoeira-grupo-de-capoeira-meia-lua-fundado-em-29-de-maio-de-1962-e-instituto-d-40\/","title":{"rendered":"Orquestra Harm\u00f4nica de Berimbaus: Universidade Livre de Estudos Culturais da Capoeira &#8211; Universidade da Capoeira &#8211; UNICAPOEIRA, Grupo de Capoeira Meia Lua &#8211; Fundado em 29 de maio de 1962 e Instituto de Educa\u00e7\u00e3o Socioambiental &#8211; IESAMBI. Berimbaus &#8211; Toques &#8211; Angola, Amazonas, Idalina, Maculel\u00ea, I\u00fana Mandingueira e Santa Maria. Tecnica de Marca\u00e7\u00e3o com Um Tempo de Contagem por Vez. Laura Cavalieri Bisio, Capoeira Mestre Mim &#8211; Fabr\u00edcio Patroc\u00ednio e Peter Faluhelyi. Sala de Entrar, Tig\u00fcera 360, Juiz de Fora, Minas Gerais\/MG, Brasil. Registro de Capoeira Mestre Pol\u00eamico &#8211; Professor Jo\u00e3o Couto Teixeira. IMG_2738. 4.58 GB. 19h00. S\u00e1bado, 11 de Dezembro de 2021."},"content":{"rendered":"\n<figure class=\"wp-block-embed is-type-video is-provider-youtube wp-block-embed-youtube wp-embed-aspect-16-9 wp-has-aspect-ratio\"><div class=\"wp-block-embed__wrapper\">\n<iframe loading=\"lazy\" title=\"Berimbaus: Angola, Amazonas, Idalina, Maculel\u00ea, I\u00fana Falsa e Santa Maria. IMG_2738. 4,58 GB. 11Dez21\" width=\"500\" height=\"281\" src=\"https:\/\/www.youtube.com\/embed\/ZGmWRrFO5xo?feature=oembed\" frameborder=\"0\" allow=\"accelerometer; autoplay; clipboard-write; encrypted-media; gyroscope; picture-in-picture; web-share\" referrerpolicy=\"strict-origin-when-cross-origin\" allowfullscreen><\/iframe>\n<\/div><\/figure>\n","protected":false},"excerpt":{"rendered":"<p>Orquestra Harm\u00f4nica de Berimbaus: Universidade Livre de Estudos Culturais da Capoeira &#8211; Universidade da Capoeira &#8211; UNICAPOEIRA, Grupo de Capoeira Meia Lua &#8211; Fundado em 29 de maio de 1962 e Instituto de Educa\u00e7\u00e3o Socioambiental &#8211; IESAMBI. Berimbaus &#8211; Toques &#8211; Angola, Amazonas, Idalina, Maculel\u00ea, I\u00fana Mandingueira e Santa Maria. Tecnica de Marca\u00e7\u00e3o com Um Tempo de Contagem por Vez. Laura Cavalieri Bisio, Capoeira Mestre Mim &#8211; Fabr\u00edcio Patroc\u00ednio e Peter Faluhelyi. Sala de Entrar, Tig\u00fcera 360, Juiz de Fora, Minas Gerais\/MG, Brasil. Registro de Capoeira Mestre Pol\u00eamico &#8211; Professor Jo\u00e3o Couto Teixeira. IMG_2738. 4.58 GB. 19h00. S\u00e1bado, 11 de Dezembro de 2021.<\/p>\n","protected":false},"author":2,"featured_media":4422,"comment_status":"open","ping_status":"open","sticky":false,"template":"","format":"video","meta":{"footnotes":""},"categories":[4676],"tags":[618,3142,2506,2505,2912,43,3141,1737,1894,3144,236,2585,55,255,3139,42,247,135,519,3143,119,2498,3140,120,868,33],"class_list":["post-4421","post","type-post","status-publish","format-video","has-post-thumbnail","hentry","category-orquestra-harmonica-de-berimbaus","tag-19h00","tag-4-58-gb","tag-amazonas","tag-angola","tag-berimbaus-toques","tag-brasil","tag-capoeira-mestre-mim-fabricio-patrocinio","tag-grupo-de-capoeira-meia-lua-fundado-em-29-de-maio-de-1962","tag-idalina","tag-img_2738","tag-instituto-de-educacao-socioambiental-iesambi","tag-iuna-mandingueira","tag-juiz-de-fora","tag-laura-cavalieri-bisio","tag-maculele","tag-minas-gerais-mg","tag-orquestra-harmonica-de-berimbaus","tag-peter-faluhelyi","tag-registro-de-capoeira-mestre-polemico-professor-joao-couto-teixeira","tag-sabado-11-de-dezembro-de-2021","tag-sala-de-entrar","tag-santa-maria","tag-tecnica-de-marcacao-com-um-tempo-de-contagem-por-vez","tag-tiguera-360","tag-universidade-da-capoeira-unicapoeira","tag-universidade-livre-de-estudos-culturais-da-capoeira","post_format-post-format-video"],"_links":{"self":[{"href":"https:\/\/universidadedacapoeira.com\/index.php\/wp-json\/wp\/v2\/posts\/4421","targetHints":{"allow":["GET"]}}],"collection":[{"href":"https:\/\/universidadedacapoeira.com\/index.php\/wp-json\/wp\/v2\/posts"}],"about":[{"href":"https:\/\/universidadedacapoeira.com\/index.php\/wp-json\/wp\/v2\/types\/post"}],"author":[{"embeddable":true,"href":"https:\/\/universidadedacapoeira.com\/index.php\/wp-json\/wp\/v2\/users\/2"}],"replies":[{"embeddable":true,"href":"https:\/\/universidadedacapoeira.com\/index.php\/wp-json\/wp\/v2\/comments?post=4421"}],"version-history":[{"count":3,"href":"https:\/\/universidadedacapoeira.com\/index.php\/wp-json\/wp\/v2\/posts\/4421\/revisions"}],"predecessor-version":[{"id":5768,"href":"https:\/\/universidadedacapoeira.com\/index.php\/wp-json\/wp\/v2\/posts\/4421\/revisions\/5768"}],"wp:featuredmedia":[{"embeddable":true,"href":"https:\/\/universidadedacapoeira.com\/index.php\/wp-json\/wp\/v2\/media\/4422"}],"wp:attachment":[{"href":"https:\/\/universidadedacapoeira.com\/index.php\/wp-json\/wp\/v2\/media?parent=4421"}],"wp:term":[{"taxonomy":"category","embeddable":true,"href":"https:\/\/universidadedacapoeira.com\/index.php\/wp-json\/wp\/v2\/categories?post=4421"},{"taxonomy":"post_tag","embeddable":true,"href":"https:\/\/universidadedacapoeira.com\/index.php\/wp-json\/wp\/v2\/tags?post=4421"}],"curies":[{"name":"wp","href":"https:\/\/api.w.org\/{rel}","templated":true}]}}