{"id":4378,"date":"2021-12-06T10:20:56","date_gmt":"2021-12-06T13:20:56","guid":{"rendered":"http:\/\/universidadedacapoeira.com\/?p=4378"},"modified":"2023-02-05T06:59:57","modified_gmt":"2023-02-05T09:59:57","slug":"universidade-livre-de-estudos-culturais-da-capoeira-universidade-da-capoeira-unicapoeira-instituto-de-educacao-socioambiental-iesambi-e-grupo-de-capoeira-meia-lua-fundado-em-29-de-maio-de-196-4","status":"publish","type":"post","link":"https:\/\/universidadedacapoeira.com\/index.php\/2021\/12\/06\/universidade-livre-de-estudos-culturais-da-capoeira-universidade-da-capoeira-unicapoeira-instituto-de-educacao-socioambiental-iesambi-e-grupo-de-capoeira-meia-lua-fundado-em-29-de-maio-de-196-4\/","title":{"rendered":"Universidade Livre de Estudos Culturais da Capoeira &#8211; Universidade da Capoeira &#8211; UNICAPOEIRA, Instituto de Educa\u00e7\u00e3o Socioambiental &#8211; IESAMBI e Grupo de Capoeira Meia Lua &#8211; Fundado em 29 de Maio de 1962: Orquestra Harm\u00f4nica de Berimbaus. Capoeira Mestres Angoleiro, Danadinho &#8211; Cl\u00e1udio Jos\u00e9 Pinheiro Villar de Queiroz, Monera &#8211; Ant\u00f4nio Carlos Sales Martins, Pol\u00eamico &#8211; Professor Jo\u00e3o Couto Teixeira, Squisyto &#8211; Reginaldo da Silveira Costa, Boca Senzala &#8211; Humberto Barbosa de Souza, Gabriel Cardoso do Amaral, Laura Cavalieri Bisio, Bella &#8211; Maria Isabel Melotti Xible e Convidados. Ch\u00e1cara Pau D&#8217;\u00d3leo, Residencial Caf\u00e9 Planalto, Sobradinho, Distrito Federal\/DF, Brasil. Registro de Capoeira Estrela Dalva &#8211; Artista Pl\u00e1stica e Cineasta Salete Libardoni. IMG_0851. 8,6 GB. 12h12. S\u00e1bado, 28 de Mar\u00e7o de 2015. HD 720p."},"content":{"rendered":"\n<figure class=\"wp-block-embed is-type-video is-provider-youtube wp-block-embed-youtube wp-embed-aspect-16-9 wp-has-aspect-ratio\"><div class=\"wp-block-embed__wrapper\">\n<iframe loading=\"lazy\" title=\"Berimbaus: Capoeira Mestres Angoleiro, Danadinho e Convidados. Brasil. IMG_0851\/8,6 GB\/12h12\/28mar15\" width=\"500\" height=\"281\" src=\"https:\/\/www.youtube.com\/embed\/lmD0LP5IeJQ?feature=oembed\" frameborder=\"0\" allow=\"accelerometer; autoplay; clipboard-write; encrypted-media; gyroscope; picture-in-picture; web-share\" referrerpolicy=\"strict-origin-when-cross-origin\" allowfullscreen><\/iframe>\n<\/div><\/figure>\n","protected":false},"excerpt":{"rendered":"<p>Universidade Livre de Estudos Culturais da Capoeira &#8211; Universidade da Capoeira &#8211; UNICAPOEIRA, Instituto de Educa\u00e7\u00e3o Socioambiental &#8211; IESAMBI e Grupo de Capoeira Meia Lua &#8211; Fundado em 29 de Maio de 1962: Orquestra Harm\u00f4nica de Berimbaus. Capoeira Mestres Angoleiro, Danadinho &#8211; Cl\u00e1udio Jos\u00e9 Pinheiro Villar de Queiroz, Monera &#8211; Ant\u00f4nio Carlos Sales Martins, Pol\u00eamico &#8211; Professor Jo\u00e3o Couto Teixeira, Squisyto &#8211; Reginaldo da Silveira Costa, Boca Senzala &#8211; Humberto Barbosa de Souza, Gabriel Cardoso do Amaral, Laura Cavalieri Bisio, Bella &#8211; Maria Isabel Melotti Xible e Convidados. Ch\u00e1cara Pau D&#8217;\u00d3leo, Residencial Caf\u00e9 Planalto, Sobradinho, Distrito Federal\/DF, Brasil. Registro de Capoeira Estrela Dalva &#8211; Artista Pl\u00e1stica e Cineasta Salete Libardoni. IMG_0851. 8,6 GB. 12h12. S\u00e1bado, 28 de Mar\u00e7o de 2015. HD 720p.<\/p>\n","protected":false},"author":2,"featured_media":4379,"comment_status":"open","ping_status":"open","sticky":false,"template":"","format":"video","meta":{"footnotes":""},"categories":[4742],"tags":[3079,3077,43,163,3076,2120,592,3074,3075,3073,35,1585,256,2282,241,1737,540,3078,236,247,290,257,3080,258,34,32,33],"class_list":["post-4378","post","type-post","status-publish","format-video","has-post-thumbnail","hentry","category-mestre-angoleiro","tag-12h12","tag-8-6-gb","tag-brasil","tag-capoeira-mestre-angoleiro","tag-capoeira-mestre-bella-maria-isabel-melotti-xible","tag-capoeira-mestre-boca-senzala-humberto-barbosa-de-souza","tag-capoeira-mestre-danadinho-claudio-jose-pinheiro-villar-de-queiroz","tag-capoeira-mestre-gabriel-cardoso-do-amaral","tag-capoeira-mestre-laura-cavalieri-bisio","tag-capoeira-mestre-monera-antonio-carlos-sales-martins","tag-capoeira-mestre-polemico-professor-joao-couto-teixeira","tag-capoeira-mestre-squisyto-reginaldo-da-silveira-costa","tag-chacara-pau-doleo","tag-convidados","tag-distrito-federal-df","tag-grupo-de-capoeira-meia-lua-fundado-em-29-de-maio-de-1962","tag-hd-720p","tag-img_0851","tag-instituto-de-educacao-socioambiental-iesambi","tag-orquestra-harmonica-de-berimbaus","tag-registro-de-capoeira-estrela-dalva-artista-plastica-e-cineasta-salete-libardoni","tag-residencial-cafe-planalto","tag-sabado-28-de-marco-de-2015","tag-sobradinho","tag-unicapoeira","tag-universidade-da-capoeira","tag-universidade-livre-de-estudos-culturais-da-capoeira","post_format-post-format-video"],"_links":{"self":[{"href":"https:\/\/universidadedacapoeira.com\/index.php\/wp-json\/wp\/v2\/posts\/4378","targetHints":{"allow":["GET"]}}],"collection":[{"href":"https:\/\/universidadedacapoeira.com\/index.php\/wp-json\/wp\/v2\/posts"}],"about":[{"href":"https:\/\/universidadedacapoeira.com\/index.php\/wp-json\/wp\/v2\/types\/post"}],"author":[{"embeddable":true,"href":"https:\/\/universidadedacapoeira.com\/index.php\/wp-json\/wp\/v2\/users\/2"}],"replies":[{"embeddable":true,"href":"https:\/\/universidadedacapoeira.com\/index.php\/wp-json\/wp\/v2\/comments?post=4378"}],"version-history":[{"count":2,"href":"https:\/\/universidadedacapoeira.com\/index.php\/wp-json\/wp\/v2\/posts\/4378\/revisions"}],"predecessor-version":[{"id":5782,"href":"https:\/\/universidadedacapoeira.com\/index.php\/wp-json\/wp\/v2\/posts\/4378\/revisions\/5782"}],"wp:featuredmedia":[{"embeddable":true,"href":"https:\/\/universidadedacapoeira.com\/index.php\/wp-json\/wp\/v2\/media\/4379"}],"wp:attachment":[{"href":"https:\/\/universidadedacapoeira.com\/index.php\/wp-json\/wp\/v2\/media?parent=4378"}],"wp:term":[{"taxonomy":"category","embeddable":true,"href":"https:\/\/universidadedacapoeira.com\/index.php\/wp-json\/wp\/v2\/categories?post=4378"},{"taxonomy":"post_tag","embeddable":true,"href":"https:\/\/universidadedacapoeira.com\/index.php\/wp-json\/wp\/v2\/tags?post=4378"}],"curies":[{"name":"wp","href":"https:\/\/api.w.org\/{rel}","templated":true}]}}