{"id":4343,"date":"2021-11-23T04:28:59","date_gmt":"2021-11-23T07:28:59","guid":{"rendered":"http:\/\/universidadedacapoeira.com\/?p=4343"},"modified":"2023-02-05T07:05:01","modified_gmt":"2023-02-05T10:05:01","slug":"louva-a-deus-folha-mamao-quintal-baixo-adubeira-tiguera-360-juiz-de-fora-minas-gerais-mg-brasil-registro-de-capoeira-mestre-polemico-professor-joao-couto-teixeira-img_1165-343-mb-07h43","status":"publish","type":"post","link":"https:\/\/universidadedacapoeira.com\/index.php\/2021\/11\/23\/louva-a-deus-folha-mamao-quintal-baixo-adubeira-tiguera-360-juiz-de-fora-minas-gerais-mg-brasil-registro-de-capoeira-mestre-polemico-professor-joao-couto-teixeira-img_1165-343-mb-07h43\/","title":{"rendered":"Universidade Livre de Estudos Culturais da Capoeira &#8211; Universidade da Capoeira &#8211; UNICAPOEIRA, Instituto de Educa\u00e7\u00e3o Socioambiental &#8211; IESAMBI, Associa\u00e7\u00e3o de Capoeira &#8211; ASCA e Grupo de Capoeira MEIA LUA &#8211; Fundado em 29 de Maio de 1962. Louva-a-deus: Folha Mam\u00e3o. Quintal Baixo, Adubeira, Tig\u00fcera 360, Juiz de Fora, Minas Gerais\/MG, Brasil. Registro de Capoeira Mestre Pol\u00eamico &#8211; Professor Jo\u00e3o Couto Teixeira. IMG_1165. 34,3 MB. 07h43. Ter\u00e7a-feira, 28 de Setembro de 2021."},"content":{"rendered":"\n<figure class=\"wp-block-embed is-type-video is-provider-youtube wp-block-embed-youtube wp-embed-aspect-16-9 wp-has-aspect-ratio\"><div class=\"wp-block-embed__wrapper\">\n<iframe loading=\"lazy\" title=\"Louva-a-deus, Folha Mam\u00e3o. Quintal Baixo Adubeira, Tig\u00fcera, Brasil. IMG_1165. 34,3 MB. 07h43\/28Set21\" width=\"500\" height=\"281\" src=\"https:\/\/www.youtube.com\/embed\/fW7YGc2USFU?feature=oembed\" frameborder=\"0\" allow=\"accelerometer; autoplay; clipboard-write; encrypted-media; gyroscope; picture-in-picture; web-share\" referrerpolicy=\"strict-origin-when-cross-origin\" allowfullscreen><\/iframe>\n<\/div><\/figure>\n","protected":false},"excerpt":{"rendered":"<p>Louva-a-deus: Folha Mam\u00e3o. Quintal Baixo, Adubeira, Tig\u00fcera 360, Juiz de Fora, Minas Gerais\/MG, Brasil. Registro de Capoeira Mestre Pol\u00eamico &#8211; Professor Jo\u00e3o Couto Teixeira. IMG_1165. 34,3 MB. 07h43. Ter\u00e7a-feira, 28 de Setembro de 2021.<\/p>\n","protected":false},"author":2,"featured_media":4345,"comment_status":"open","ping_status":"open","sticky":false,"template":"","format":"video","meta":{"footnotes":""},"categories":[4722],"tags":[2982,3022,975,43,3021,3023,55,3020,42,1306,519,3016,120],"class_list":["post-4343","post","type-post","status-publish","format-video","has-post-thumbnail","hentry","category-animais","tag-07h43","tag-34-3-mb","tag-adubeira","tag-brasil","tag-folha-mamao","tag-img_1165","tag-juiz-de-fora","tag-louva-a-deus","tag-minas-gerais-mg","tag-quintal-baixo","tag-registro-de-capoeira-mestre-polemico-professor-joao-couto-teixeira","tag-terca-feira-28-de-setembro-de-2021","tag-tiguera-360","post_format-post-format-video"],"_links":{"self":[{"href":"https:\/\/universidadedacapoeira.com\/index.php\/wp-json\/wp\/v2\/posts\/4343","targetHints":{"allow":["GET"]}}],"collection":[{"href":"https:\/\/universidadedacapoeira.com\/index.php\/wp-json\/wp\/v2\/posts"}],"about":[{"href":"https:\/\/universidadedacapoeira.com\/index.php\/wp-json\/wp\/v2\/types\/post"}],"author":[{"embeddable":true,"href":"https:\/\/universidadedacapoeira.com\/index.php\/wp-json\/wp\/v2\/users\/2"}],"replies":[{"embeddable":true,"href":"https:\/\/universidadedacapoeira.com\/index.php\/wp-json\/wp\/v2\/comments?post=4343"}],"version-history":[{"count":2,"href":"https:\/\/universidadedacapoeira.com\/index.php\/wp-json\/wp\/v2\/posts\/4343\/revisions"}],"predecessor-version":[{"id":5794,"href":"https:\/\/universidadedacapoeira.com\/index.php\/wp-json\/wp\/v2\/posts\/4343\/revisions\/5794"}],"wp:featuredmedia":[{"embeddable":true,"href":"https:\/\/universidadedacapoeira.com\/index.php\/wp-json\/wp\/v2\/media\/4345"}],"wp:attachment":[{"href":"https:\/\/universidadedacapoeira.com\/index.php\/wp-json\/wp\/v2\/media?parent=4343"}],"wp:term":[{"taxonomy":"category","embeddable":true,"href":"https:\/\/universidadedacapoeira.com\/index.php\/wp-json\/wp\/v2\/categories?post=4343"},{"taxonomy":"post_tag","embeddable":true,"href":"https:\/\/universidadedacapoeira.com\/index.php\/wp-json\/wp\/v2\/tags?post=4343"}],"curies":[{"name":"wp","href":"https:\/\/api.w.org\/{rel}","templated":true}]}}