{"id":4247,"date":"2021-11-19T18:33:50","date_gmt":"2021-11-19T21:33:50","guid":{"rendered":"http:\/\/universidadedacapoeira.com\/?p=4247"},"modified":"2023-02-05T11:08:18","modified_gmt":"2023-02-05T14:08:18","slug":"chacara-pau-doleo-residencial-cafe-planalto-sobradinho-distrito-federal-df-brasil-registro-de-capoeira-mestre-polemico-professor-joao-couto-teixeira-2553-mb-segunda-feira-31-de-dezembro-d","status":"publish","type":"post","link":"https:\/\/universidadedacapoeira.com\/index.php\/2021\/11\/19\/chacara-pau-doleo-residencial-cafe-planalto-sobradinho-distrito-federal-df-brasil-registro-de-capoeira-mestre-polemico-professor-joao-couto-teixeira-2553-mb-segunda-feira-31-de-dezembro-d\/","title":{"rendered":"Universidade Livre de Estudos Culturais da Capoeira &#8211; Universidade da Capoeira &#8211; UNICAPOEIRA, Instituto de Educa\u00e7\u00e3o Socioambiental &#8211; IESAMBI, Associa\u00e7\u00e3o de Capoeira &#8211; ASCA e Grupo de Capoeira MEIA LUA &#8211; Fundado em 29 de Maio de 1962. Ch\u00e1cara Pau D&#8217;\u00d3leo: Residencial Caf\u00e9 Planalto. Sobradinho, Distrito Federal\/DF, Brasil. Registro de Capoeira Mestre Pol\u00eamico &#8211; Professor Jo\u00e3o Couto Teixeira. 255,3 MB. Segunda-feira, 31 de Dezembro de 2000."},"content":{"rendered":"\n<figure class=\"wp-block-embed is-type-video is-provider-youtube wp-block-embed-youtube wp-embed-aspect-16-9 wp-has-aspect-ratio\"><div class=\"wp-block-embed__wrapper\">\n<iframe loading=\"lazy\" title=\"Ch\u00e1cara Pau D&#039;\u00d3leo: Residencial Caf\u00e9 Planalto. Sobradinho, DF, Brasil. Pol\u00eamico. 255,3 MB. 31dez00\" width=\"500\" height=\"281\" src=\"https:\/\/www.youtube.com\/embed\/uSwkSZdBV7Y?feature=oembed\" frameborder=\"0\" allow=\"accelerometer; autoplay; clipboard-write; encrypted-media; gyroscope; picture-in-picture; web-share\" referrerpolicy=\"strict-origin-when-cross-origin\" allowfullscreen><\/iframe>\n<\/div><\/figure>\n","protected":false},"excerpt":{"rendered":"<p>Ch\u00e1cara Pau D&#8217;\u00d3leo: Residencial Caf\u00e9 Planalto. Sobradinho, Distrito Federal\/DF, Brasil. Registro de Capoeira Mestre Pol\u00eamico &#8211; Professor Jo\u00e3o Couto Teixeira. 255,3 MB. Segunda-feira, 31 de Dezembro de 2000.<\/p>\n","protected":false},"author":2,"featured_media":4248,"comment_status":"open","ping_status":"open","sticky":false,"template":"","format":"video","meta":{"footnotes":""},"categories":[4735],"tags":[2895,43,256,241,519,257,2882,258],"class_list":["post-4247","post","type-post","status-publish","format-video","has-post-thumbnail","hentry","category-brasilia","tag-255-3-mb","tag-brasil","tag-chacara-pau-doleo","tag-distrito-federal-df","tag-registro-de-capoeira-mestre-polemico-professor-joao-couto-teixeira","tag-residencial-cafe-planalto","tag-segunda-feira-31-de-dezembro-de-2000","tag-sobradinho","post_format-post-format-video"],"_links":{"self":[{"href":"https:\/\/universidadedacapoeira.com\/index.php\/wp-json\/wp\/v2\/posts\/4247","targetHints":{"allow":["GET"]}}],"collection":[{"href":"https:\/\/universidadedacapoeira.com\/index.php\/wp-json\/wp\/v2\/posts"}],"about":[{"href":"https:\/\/universidadedacapoeira.com\/index.php\/wp-json\/wp\/v2\/types\/post"}],"author":[{"embeddable":true,"href":"https:\/\/universidadedacapoeira.com\/index.php\/wp-json\/wp\/v2\/users\/2"}],"replies":[{"embeddable":true,"href":"https:\/\/universidadedacapoeira.com\/index.php\/wp-json\/wp\/v2\/comments?post=4247"}],"version-history":[{"count":2,"href":"https:\/\/universidadedacapoeira.com\/index.php\/wp-json\/wp\/v2\/posts\/4247\/revisions"}],"predecessor-version":[{"id":5825,"href":"https:\/\/universidadedacapoeira.com\/index.php\/wp-json\/wp\/v2\/posts\/4247\/revisions\/5825"}],"wp:featuredmedia":[{"embeddable":true,"href":"https:\/\/universidadedacapoeira.com\/index.php\/wp-json\/wp\/v2\/media\/4248"}],"wp:attachment":[{"href":"https:\/\/universidadedacapoeira.com\/index.php\/wp-json\/wp\/v2\/media?parent=4247"}],"wp:term":[{"taxonomy":"category","embeddable":true,"href":"https:\/\/universidadedacapoeira.com\/index.php\/wp-json\/wp\/v2\/categories?post=4247"},{"taxonomy":"post_tag","embeddable":true,"href":"https:\/\/universidadedacapoeira.com\/index.php\/wp-json\/wp\/v2\/tags?post=4247"}],"curies":[{"name":"wp","href":"https:\/\/api.w.org\/{rel}","templated":true}]}}