{"id":4229,"date":"2021-11-19T17:19:18","date_gmt":"2021-11-19T20:19:18","guid":{"rendered":"http:\/\/universidadedacapoeira.com\/?p=4229"},"modified":"2023-02-05T11:11:19","modified_gmt":"2023-02-05T14:11:19","slug":"navegada-em-defesa-do-lago-paranoa-professor-jamir-batista-silva-capoeira-mestre-polemico-professor-joao-couto-teixeira-professor-peter-faluhelyi-projeto-margem-centro-de-ensino-medio-setor-les","status":"publish","type":"post","link":"https:\/\/universidadedacapoeira.com\/index.php\/2021\/11\/19\/navegada-em-defesa-do-lago-paranoa-professor-jamir-batista-silva-capoeira-mestre-polemico-professor-joao-couto-teixeira-professor-peter-faluhelyi-projeto-margem-centro-de-ensino-medio-setor-les\/","title":{"rendered":"Universidade Livre de Estudos Culturais da Capoeira &#8211; Universidade da Capoeira &#8211; UNICAPOEIRA, Instituto de Educa\u00e7\u00e3o Socioambiental &#8211; IESAMBI, Associa\u00e7\u00e3o de Capoeira &#8211; ASCA e Grupo de Capoeira MEIA LUA &#8211; Fundado em 29 de Maio de 1962. Navegada em Defesa do Lago Parano\u00e1: Professor Jamir Batista Silva, Capoeira Mestre Pol\u00eamico &#8211; Professor Jo\u00e3o Couto Teixeira, Professor Peter Faluhelyi. Projeto Margem. Centro de Ensino M\u00e9dio Setor Leste &#8211; CEMSL, Secretaria de Estado de Educa\u00e7\u00e3o &#8211; SEE, Bras\u00edlia, Distrito Federal\/DF, Brasil.  Registro da TV N. 200,5 MB."},"content":{"rendered":"\n<figure class=\"wp-block-embed is-type-video is-provider-youtube wp-block-embed-youtube wp-embed-aspect-16-9 wp-has-aspect-ratio\"><div class=\"wp-block-embed__wrapper\">\n<iframe loading=\"lazy\" title=\"Navegada: Projeto Margem. Professores Mestres Jamir, Mandingueiro e Pol\u00eamico. CEMSL. TV N. 10Out97\" width=\"500\" height=\"281\" src=\"https:\/\/www.youtube.com\/embed\/ZSEEPmKoo7k?feature=oembed\" frameborder=\"0\" allow=\"accelerometer; autoplay; clipboard-write; encrypted-media; gyroscope; picture-in-picture; web-share\" referrerpolicy=\"strict-origin-when-cross-origin\" allowfullscreen><\/iframe>\n<\/div><\/figure>\n","protected":false},"excerpt":{"rendered":"<p>Navegada em Defesa do Lago Parano\u00e1: Professor Jamir Batista Silva, Capoeira Mestre Pol\u00eamico &#8211; Professor Jo\u00e3o Couto Teixeira, Professor Peter Faluhelyi. Projeto Margem. Centro de Ensino M\u00e9dio Setor Leste &#8211; CEMSL, Secretaria de Estado de Educa\u00e7\u00e3o &#8211; SEE, Bras\u00edlia, Distrito Federal\/DF, Brasil.  Registro da TV N. 200,5 MB.<\/p>\n","protected":false},"author":2,"featured_media":4230,"comment_status":"open","ping_status":"open","sticky":false,"template":"","format":"video","meta":{"footnotes":""},"categories":[4734],"tags":[2874,43,59,35,2011,241,2872,2163,2532,2150,2873,2151],"class_list":["post-4229","post","type-post","status-publish","format-video","has-post-thumbnail","hentry","category-projeto-margem","tag-200-5-mb","tag-brasil","tag-brasilia","tag-capoeira-mestre-polemico-professor-joao-couto-teixeira","tag-centro-de-ensino-medio-setor-leste-cemsl","tag-distrito-federal-df","tag-navegada-em-defesa-do-lago-paranoa","tag-professor-jamir-batista-silva","tag-professor-peter-faluhelyi","tag-projeto-margem","tag-registro-da-tv-n","tag-secretaria-de-estado-de-educacao-see","post_format-post-format-video"],"_links":{"self":[{"href":"https:\/\/universidadedacapoeira.com\/index.php\/wp-json\/wp\/v2\/posts\/4229","targetHints":{"allow":["GET"]}}],"collection":[{"href":"https:\/\/universidadedacapoeira.com\/index.php\/wp-json\/wp\/v2\/posts"}],"about":[{"href":"https:\/\/universidadedacapoeira.com\/index.php\/wp-json\/wp\/v2\/types\/post"}],"author":[{"embeddable":true,"href":"https:\/\/universidadedacapoeira.com\/index.php\/wp-json\/wp\/v2\/users\/2"}],"replies":[{"embeddable":true,"href":"https:\/\/universidadedacapoeira.com\/index.php\/wp-json\/wp\/v2\/comments?post=4229"}],"version-history":[{"count":2,"href":"https:\/\/universidadedacapoeira.com\/index.php\/wp-json\/wp\/v2\/posts\/4229\/revisions"}],"predecessor-version":[{"id":5831,"href":"https:\/\/universidadedacapoeira.com\/index.php\/wp-json\/wp\/v2\/posts\/4229\/revisions\/5831"}],"wp:featuredmedia":[{"embeddable":true,"href":"https:\/\/universidadedacapoeira.com\/index.php\/wp-json\/wp\/v2\/media\/4230"}],"wp:attachment":[{"href":"https:\/\/universidadedacapoeira.com\/index.php\/wp-json\/wp\/v2\/media?parent=4229"}],"wp:term":[{"taxonomy":"category","embeddable":true,"href":"https:\/\/universidadedacapoeira.com\/index.php\/wp-json\/wp\/v2\/categories?post=4229"},{"taxonomy":"post_tag","embeddable":true,"href":"https:\/\/universidadedacapoeira.com\/index.php\/wp-json\/wp\/v2\/tags?post=4229"}],"curies":[{"name":"wp","href":"https:\/\/api.w.org\/{rel}","templated":true}]}}