{"id":4211,"date":"2021-11-19T15:18:42","date_gmt":"2021-11-19T18:18:42","guid":{"rendered":"http:\/\/universidadedacapoeira.com\/?p=4211"},"modified":"2023-02-05T11:14:57","modified_gmt":"2023-02-05T14:14:57","slug":"capoeira-o-fio-da-navalha-marche-discos-adriana-saldanha-veste-tactics-figurino-andrea-canton-camareira-telma-camargo-maquiagem-branco-barros-camera-marcelo-dos-santos-edicao-de-ima","status":"publish","type":"post","link":"https:\/\/universidadedacapoeira.com\/index.php\/2021\/11\/19\/capoeira-o-fio-da-navalha-marche-discos-adriana-saldanha-veste-tactics-figurino-andrea-canton-camareira-telma-camargo-maquiagem-branco-barros-camera-marcelo-dos-santos-edicao-de-ima\/","title":{"rendered":"Universidade Livre de Estudos Culturais da Capoeira &#8211; Universidade da Capoeira &#8211; UNICAPOEIRA, Instituto de Educa\u00e7\u00e3o Socioambiental &#8211; IESAMBI, Associa\u00e7\u00e3o de Capoeira &#8211; ASCA e Grupo de Capoeira MEIA LUA &#8211; Fundado em 29 de Maio de 1962. Capoeira: O Fio da Navalha. March\u00e9 Discos. Adriana Saldanha. Veste &#8211; Tactics. Figurino &#8211; Andr\u00e9a Canton. Camareira &#8211; Telma Camargo. Maquiagem &#8211; Branco Barros. C\u00e2mera &#8211; Marcelo dos Santos. Edi\u00e7\u00e3o de Imagens &#8211; Rog\u00e9rio Andretto e Sandro Perosa. P\u00f3s-produ\u00e7\u00e3o &#8211; Fernando Rodrigues. Arte &#8211; Edson Leal, Mauro Gagliardi e Stela Spironelli. Supervis\u00e3o &#8211; Jorge Lu\u00eds e Miguel Dubowiski. Diretor de Opera\u00e7\u00f5es ESPN Brasil &#8211; La\u00e9rcio Roma. Reportagem &#8211; Helv\u00eddio Mattos. Produ\u00e7\u00e3o &#8211; Regiane Wohnrath. Editor-chefe &#8211; Carlos Zen. Diretor de Jornalismo &#8211; Jos\u00e9 Trajano. Diretor Geral &#8211; J\u00falio Bartolo. 3,84 GB."},"content":{"rendered":"\n<figure class=\"wp-block-embed is-type-video is-provider-youtube wp-block-embed-youtube wp-embed-aspect-16-9 wp-has-aspect-ratio\"><div class=\"wp-block-embed__wrapper\">\n<iframe loading=\"lazy\" title=\"Capoeira: Adriana Saldanha. Diretores de Jornalismo e Geral Jos\u00e9 Trajano e J\u00falio Bartolo. 3,84 GB\" width=\"500\" height=\"281\" src=\"https:\/\/www.youtube.com\/embed\/CG2r1SbwOjk?feature=oembed\" frameborder=\"0\" allow=\"accelerometer; autoplay; clipboard-write; encrypted-media; gyroscope; picture-in-picture; web-share\" referrerpolicy=\"strict-origin-when-cross-origin\" allowfullscreen><\/iframe>\n<\/div><\/figure>\n","protected":false},"excerpt":{"rendered":"<p>Capoeira: O Fio da Navalha. March\u00e9 Discos. Adriana Saldanha. Veste &#8211; Tactics. Figurino &#8211; Andr\u00e9a Canton. Camareira &#8211; Telma Camargo. Maquiagem &#8211; Branco Barros. C\u00e2mera &#8211; Marcelo dos Santos. Edi\u00e7\u00e3o de Imagens &#8211; Rog\u00e9rio Andretto e Sandro Perosa. P\u00f3s-produ\u00e7\u00e3o &#8211; Fernando Rodrigues. Arte &#8211; Edson Leal, Mauro Gagliardi e Stela Spironelli. Supervis\u00e3o &#8211; Jorge Lu\u00eds e Miguel Dubowiski. Diretor de Opera\u00e7\u00f5es ESPN Brasil &#8211; La\u00e9rcio Roma. Reportagem &#8211; Helv\u00eddio Mattos. Produ\u00e7\u00e3o &#8211; Regiane Wohnrath. Editor-chefe &#8211; Carlos Zen. Diretor de Jornalismo &#8211; Jos\u00e9 Trajano. Diretor Geral &#8211; J\u00falio Bartolo. 3,84 GB.<\/p>\n","protected":false},"author":2,"featured_media":4212,"comment_status":"open","ping_status":"open","sticky":false,"template":"","format":"video","meta":{"footnotes":""},"categories":[4729],"tags":[2834,2818,2826,2820,2823,2816,2831,2828,2833,2824,2832,2819,2822,2817,2825,2830,2829,2827,2821],"class_list":["post-4211","post","type-post","status-publish","format-video","has-post-thumbnail","hentry","category-capoeira","tag-3-84-gb","tag-adriana-saldanha","tag-arte-edson-leal-mauro-gagliardi-e-stela-spironelli","tag-camareira-telma-camargo","tag-camera-marcelo-dos-santos","tag-capoeira-o-fio-da-navalha","tag-diretor-de-jornalismo-jose-trajano","tag-diretor-de-operacoes-espn-brasil-laercio-roma","tag-diretor-geral-julio-bartolo","tag-edicao-de-imagens-rogerio-andretto-e-sandro-perosa","tag-editor-chefe-carlos-zen","tag-figurino-andrea-canton","tag-maquiagem-branco-barros","tag-marche-discos","tag-pos-producao-fernando-rodrigues","tag-producao-regiane-wohnrath","tag-reportagem-helvidio-mattos","tag-supervisao-jorge-luis-e-miguel-dubowiski","tag-veste-tactics","post_format-post-format-video"],"_links":{"self":[{"href":"https:\/\/universidadedacapoeira.com\/index.php\/wp-json\/wp\/v2\/posts\/4211","targetHints":{"allow":["GET"]}}],"collection":[{"href":"https:\/\/universidadedacapoeira.com\/index.php\/wp-json\/wp\/v2\/posts"}],"about":[{"href":"https:\/\/universidadedacapoeira.com\/index.php\/wp-json\/wp\/v2\/types\/post"}],"author":[{"embeddable":true,"href":"https:\/\/universidadedacapoeira.com\/index.php\/wp-json\/wp\/v2\/users\/2"}],"replies":[{"embeddable":true,"href":"https:\/\/universidadedacapoeira.com\/index.php\/wp-json\/wp\/v2\/comments?post=4211"}],"version-history":[{"count":2,"href":"https:\/\/universidadedacapoeira.com\/index.php\/wp-json\/wp\/v2\/posts\/4211\/revisions"}],"predecessor-version":[{"id":5837,"href":"https:\/\/universidadedacapoeira.com\/index.php\/wp-json\/wp\/v2\/posts\/4211\/revisions\/5837"}],"wp:featuredmedia":[{"embeddable":true,"href":"https:\/\/universidadedacapoeira.com\/index.php\/wp-json\/wp\/v2\/media\/4212"}],"wp:attachment":[{"href":"https:\/\/universidadedacapoeira.com\/index.php\/wp-json\/wp\/v2\/media?parent=4211"}],"wp:term":[{"taxonomy":"category","embeddable":true,"href":"https:\/\/universidadedacapoeira.com\/index.php\/wp-json\/wp\/v2\/categories?post=4211"},{"taxonomy":"post_tag","embeddable":true,"href":"https:\/\/universidadedacapoeira.com\/index.php\/wp-json\/wp\/v2\/tags?post=4211"}],"curies":[{"name":"wp","href":"https:\/\/api.w.org\/{rel}","templated":true}]}}