{"id":4145,"date":"2021-11-17T14:29:30","date_gmt":"2021-11-17T17:29:30","guid":{"rendered":"http:\/\/universidadedacapoeira.com\/?p=4145"},"modified":"2023-02-05T11:37:56","modified_gmt":"2023-02-05T14:37:56","slug":"universidade-livre-de-estudos-culturais-da-capoeira-universidade-da-capoeira-unicapoeira-instituto-de-educacao-socioambiental-iesambi-grupo-de-capoeira-meia-lua-fundado-em-29-de-maio-de-1962-12","status":"publish","type":"post","link":"https:\/\/universidadedacapoeira.com\/index.php\/2021\/11\/17\/universidade-livre-de-estudos-culturais-da-capoeira-universidade-da-capoeira-unicapoeira-instituto-de-educacao-socioambiental-iesambi-grupo-de-capoeira-meia-lua-fundado-em-29-de-maio-de-1962-12\/","title":{"rendered":"Universidade Livre de Estudos Culturais da Capoeira &#8211; Universidade da Capoeira &#8211; UNICAPOEIRA, Instituto de Educa\u00e7\u00e3o Socioambiental &#8211; IESAMBI, Grupo de Capoeira Meia Lua &#8211; Fundado em 29 de Maio de 1962 e Projeto Margem. S\u00edtio Geranium. Bella &#8211; Maria Izabel Melotti Xible, Laura Cavalieri Bisio e Peter Faluhelyi. Centro de Ensino M\u00e9dio Setor Leste &#8211; CEMSL, Secretaria de Estado de Educa\u00e7\u00e3o &#8211; SEE, Taguatinga, Distrito Federal\/DF, Brasil. Registro de Capoeira Mestre Pol\u00eamico &#8211; Professor Jo\u00e3o Couto Teixeira. 579,9 MB. Quarta-feira, 10 de Setembro de 2003."},"content":{"rendered":"\n<figure class=\"wp-block-embed is-type-video is-provider-youtube wp-block-embed-youtube wp-embed-aspect-16-9 wp-has-aspect-ratio\"><div class=\"wp-block-embed__wrapper\">\n<iframe loading=\"lazy\" title=\"S\u00edtio Geranium: Projeto Margem. Mestr@s Mandingueiro, Bella, Laura e Pol\u00eamico. DF. 579,9 MB. 10Set03\" width=\"500\" height=\"281\" src=\"https:\/\/www.youtube.com\/embed\/J3yVOFlB8uY?feature=oembed\" frameborder=\"0\" allow=\"accelerometer; autoplay; clipboard-write; encrypted-media; gyroscope; picture-in-picture; web-share\" referrerpolicy=\"strict-origin-when-cross-origin\" allowfullscreen><\/iframe>\n<\/div><\/figure>\n","protected":false},"excerpt":{"rendered":"<p>Universidade Livre de Estudos Culturais da Capoeira &#8211; Universidade da Capoeira &#8211; UNICAPOEIRA, Instituto de Educa\u00e7\u00e3o Socioambiental &#8211; IESAMBI, Grupo de Capoeira Meia Lua &#8211; Fundado em 29 de Maio de 1962 e Projeto Margem. S\u00edtio Geranium. Bella &#8211; Maria Izabel Melotti Xible, Laura Cavalieri Bisio e Peter Faluhelyi. Centro de Ensino M\u00e9dio Setor Leste &#8211; CEMSL, Secretaria de Estado de Educa\u00e7\u00e3o &#8211; SEE, Taguatinga, Distrito Federal\/DF, Brasil. Registro de Capoeira Mestre Pol\u00eamico &#8211; Professor Jo\u00e3o Couto Teixeira. 579,9 MB. Quarta-feira, 10 de Setembro de 2003.<\/p>\n","protected":false},"author":2,"featured_media":4146,"comment_status":"open","ping_status":"open","sticky":false,"template":"","format":"video","meta":{"footnotes":""},"categories":[4738],"tags":[2741,1199,43,2011,241,1737,236,255,135,2150,2704,519,2151,2740,1981,34,32,33],"class_list":["post-4145","post","type-post","status-publish","format-video","has-post-thumbnail","hentry","category-iesambi","tag-579-9-mb","tag-bella-maria-izabel-melotti-xible","tag-brasil","tag-centro-de-ensino-medio-setor-leste-cemsl","tag-distrito-federal-df","tag-grupo-de-capoeira-meia-lua-fundado-em-29-de-maio-de-1962","tag-instituto-de-educacao-socioambiental-iesambi","tag-laura-cavalieri-bisio","tag-peter-faluhelyi","tag-projeto-margem","tag-quarta-feira-10-de-setembro-de-2003","tag-registro-de-capoeira-mestre-polemico-professor-joao-couto-teixeira","tag-secretaria-de-estado-de-educacao-see","tag-sitio-geranium","tag-taguatinga","tag-unicapoeira","tag-universidade-da-capoeira","tag-universidade-livre-de-estudos-culturais-da-capoeira","post_format-post-format-video"],"_links":{"self":[{"href":"https:\/\/universidadedacapoeira.com\/index.php\/wp-json\/wp\/v2\/posts\/4145","targetHints":{"allow":["GET"]}}],"collection":[{"href":"https:\/\/universidadedacapoeira.com\/index.php\/wp-json\/wp\/v2\/posts"}],"about":[{"href":"https:\/\/universidadedacapoeira.com\/index.php\/wp-json\/wp\/v2\/types\/post"}],"author":[{"embeddable":true,"href":"https:\/\/universidadedacapoeira.com\/index.php\/wp-json\/wp\/v2\/users\/2"}],"replies":[{"embeddable":true,"href":"https:\/\/universidadedacapoeira.com\/index.php\/wp-json\/wp\/v2\/comments?post=4145"}],"version-history":[{"count":2,"href":"https:\/\/universidadedacapoeira.com\/index.php\/wp-json\/wp\/v2\/posts\/4145\/revisions"}],"predecessor-version":[{"id":5859,"href":"https:\/\/universidadedacapoeira.com\/index.php\/wp-json\/wp\/v2\/posts\/4145\/revisions\/5859"}],"wp:featuredmedia":[{"embeddable":true,"href":"https:\/\/universidadedacapoeira.com\/index.php\/wp-json\/wp\/v2\/media\/4146"}],"wp:attachment":[{"href":"https:\/\/universidadedacapoeira.com\/index.php\/wp-json\/wp\/v2\/media?parent=4145"}],"wp:term":[{"taxonomy":"category","embeddable":true,"href":"https:\/\/universidadedacapoeira.com\/index.php\/wp-json\/wp\/v2\/categories?post=4145"},{"taxonomy":"post_tag","embeddable":true,"href":"https:\/\/universidadedacapoeira.com\/index.php\/wp-json\/wp\/v2\/tags?post=4145"}],"curies":[{"name":"wp","href":"https:\/\/api.w.org\/{rel}","templated":true}]}}