{"id":4100,"date":"2021-11-13T15:43:45","date_gmt":"2021-11-13T18:43:45","guid":{"rendered":"http:\/\/universidadedacapoeira.com\/?p=4100"},"modified":"2023-02-05T11:49:25","modified_gmt":"2023-02-05T14:49:25","slug":"capoeira-mestra-edna-lima-4282-mb-nova-york-acervo-capoeira-mestre-adelmo-pereira-lima-registro-de-capoeira-mestre-polemico-professor-joao-couto-teixeira","status":"publish","type":"post","link":"https:\/\/universidadedacapoeira.com\/index.php\/2021\/11\/13\/capoeira-mestra-edna-lima-4282-mb-nova-york-acervo-capoeira-mestre-adelmo-pereira-lima-registro-de-capoeira-mestre-polemico-professor-joao-couto-teixeira\/","title":{"rendered":"Universidade Livre de Estudos Culturais da Capoeira &#8211; Universidade da Capoeira &#8211; UNICAPOEIRA, Instituto de Educa\u00e7\u00e3o Socioambiental &#8211; IESAMBI, Associa\u00e7\u00e3o de Capoeira &#8211; ASCA e Grupo de Capoeira MEIA LUA &#8211; Fundado em 29 de Maio de 1962. Capoeira Mestra Edna Lima: 428,2 MB. Nova York. Acervo Capoeira Mestre Adelmo Pereira Lima. Registro de Capoeira Mestre Pol\u00eamico &#8211; Professor Jo\u00e3o Couto Teixeira."},"content":{"rendered":"\n<figure class=\"wp-block-embed is-type-video is-provider-youtube wp-block-embed-youtube wp-embed-aspect-16-9 wp-has-aspect-ratio\"><div class=\"wp-block-embed__wrapper\">\n<iframe loading=\"lazy\" title=\"Capoeira Mestra Edna Lima: Nova York. 428,2 MB. Acervo Capoeira Mestres Adelmo Pereira Lima\/Pol\u00eamico\" width=\"500\" height=\"281\" src=\"https:\/\/www.youtube.com\/embed\/HGNeU4ZVQAI?feature=oembed\" frameborder=\"0\" allow=\"accelerometer; autoplay; clipboard-write; encrypted-media; gyroscope; picture-in-picture; web-share\" referrerpolicy=\"strict-origin-when-cross-origin\" allowfullscreen><\/iframe>\n<\/div><\/figure>\n","protected":false},"excerpt":{"rendered":"<p>Capoeira Mestra Edna Lima: 428,2 MB. Nova York. Acervo Capoeira Mestre Adelmo Pereira Lima. Registro de Capoeira Mestre Pol\u00eamico &#8211; Professor Jo\u00e3o Couto Teixeira.<\/p>\n","protected":false},"author":2,"featured_media":4101,"comment_status":"open","ping_status":"open","sticky":false,"template":"","format":"video","meta":{"footnotes":""},"categories":[4729],"tags":[2677,2673,2676,2678,519],"class_list":["post-4100","post","type-post","status-publish","format-video","has-post-thumbnail","hentry","category-capoeira","tag-428-2-mb","tag-acervo-capoeira-mestre-adelmo-pereira-lima","tag-capoeira-mestra-edna-lima","tag-nova-york","tag-registro-de-capoeira-mestre-polemico-professor-joao-couto-teixeira","post_format-post-format-video"],"_links":{"self":[{"href":"https:\/\/universidadedacapoeira.com\/index.php\/wp-json\/wp\/v2\/posts\/4100","targetHints":{"allow":["GET"]}}],"collection":[{"href":"https:\/\/universidadedacapoeira.com\/index.php\/wp-json\/wp\/v2\/posts"}],"about":[{"href":"https:\/\/universidadedacapoeira.com\/index.php\/wp-json\/wp\/v2\/types\/post"}],"author":[{"embeddable":true,"href":"https:\/\/universidadedacapoeira.com\/index.php\/wp-json\/wp\/v2\/users\/2"}],"replies":[{"embeddable":true,"href":"https:\/\/universidadedacapoeira.com\/index.php\/wp-json\/wp\/v2\/comments?post=4100"}],"version-history":[{"count":2,"href":"https:\/\/universidadedacapoeira.com\/index.php\/wp-json\/wp\/v2\/posts\/4100\/revisions"}],"predecessor-version":[{"id":5874,"href":"https:\/\/universidadedacapoeira.com\/index.php\/wp-json\/wp\/v2\/posts\/4100\/revisions\/5874"}],"wp:featuredmedia":[{"embeddable":true,"href":"https:\/\/universidadedacapoeira.com\/index.php\/wp-json\/wp\/v2\/media\/4101"}],"wp:attachment":[{"href":"https:\/\/universidadedacapoeira.com\/index.php\/wp-json\/wp\/v2\/media?parent=4100"}],"wp:term":[{"taxonomy":"category","embeddable":true,"href":"https:\/\/universidadedacapoeira.com\/index.php\/wp-json\/wp\/v2\/categories?post=4100"},{"taxonomy":"post_tag","embeddable":true,"href":"https:\/\/universidadedacapoeira.com\/index.php\/wp-json\/wp\/v2\/tags?post=4100"}],"curies":[{"name":"wp","href":"https:\/\/api.w.org\/{rel}","templated":true}]}}