{"id":4094,"date":"2021-11-13T15:26:20","date_gmt":"2021-11-13T18:26:20","guid":{"rendered":"http:\/\/universidadedacapoeira.com\/?p=4094"},"modified":"2023-02-05T11:50:13","modified_gmt":"2023-02-05T14:50:13","slug":"encontro-nacional-de-professores-e-mestres-da-arte-capoeira-ginga-brasil-capoeira-professor-galo-808-gb-recife-pernambuco-pe-domingo-19-de-novembro-de-1995-acervo-capoeira-mestre-adelmo-pereir","status":"publish","type":"post","link":"https:\/\/universidadedacapoeira.com\/index.php\/2021\/11\/13\/encontro-nacional-de-professores-e-mestres-da-arte-capoeira-ginga-brasil-capoeira-professor-galo-808-gb-recife-pernambuco-pe-domingo-19-de-novembro-de-1995-acervo-capoeira-mestre-adelmo-pereir\/","title":{"rendered":"Universidade Livre de Estudos Culturais da Capoeira &#8211; Universidade da Capoeira &#8211; UNICAPOEIRA, Instituto de Educa\u00e7\u00e3o Socioambiental &#8211; IESAMBI, Associa\u00e7\u00e3o de Capoeira &#8211; ASCA e Grupo de Capoeira MEIA LUA &#8211; Fundado em 29 de Maio de 1962. Encontro Nacional de Professores e Mestres da Arte Capoeira Ginga Brasil: Capoeira Professor Galo. 8,08 GB. Recife, Pernambuco\/PE, Domingo, 19 de Novembro de 1995. Acervo Capoeira Mestre Adelmo Pereira Lima. Registro Capoeira Mestre Pol\u00eamico &#8211; Professor Jo\u00e3o Couto Teixeira. HD 1080p."},"content":{"rendered":"\n<figure class=\"wp-block-embed is-type-video is-provider-youtube wp-block-embed-youtube wp-embed-aspect-16-9 wp-has-aspect-ratio\"><div class=\"wp-block-embed__wrapper\">\n<iframe loading=\"lazy\" title=\"Encontro Nacional de Profs. e Ms da Arte Capoeira Ginga Brasil: Prof. Galo. 8,08 GB. Recife. 19nov95\" width=\"500\" height=\"281\" src=\"https:\/\/www.youtube.com\/embed\/i9Xuix5WXpc?feature=oembed\" frameborder=\"0\" allow=\"accelerometer; autoplay; clipboard-write; encrypted-media; gyroscope; picture-in-picture; web-share\" referrerpolicy=\"strict-origin-when-cross-origin\" allowfullscreen><\/iframe>\n<\/div><\/figure>\n","protected":false},"excerpt":{"rendered":"<p>Encontro Nacional de Professores e Mestres da Arte Capoeira Ginga Brasil: Capoeira Professor Galo. 8,08 GB. Recife, Pernambuco\/PE, Domingo, 19 de Novembro de 1995. Acervo Capoeira Mestre Adelmo Pereira Lima. Registro Capoeira Mestre Pol\u00eamico &#8211; Professor Jo\u00e3o Couto Teixeira. HD 1080p.<\/p>\n","protected":false},"author":2,"featured_media":4095,"comment_status":"open","ping_status":"open","sticky":false,"template":"","format":"video","meta":{"footnotes":""},"categories":[4729],"tags":[2671,2673,2672,2621,2617,1742,2619,2620,1290],"class_list":["post-4094","post","type-post","status-publish","format-video","has-post-thumbnail","hentry","category-capoeira","tag-8-08-gb","tag-acervo-capoeira-mestre-adelmo-pereira-lima","tag-capoeira-professor-galo","tag-domingo-19-de-novembro-de-1995","tag-encontro-nacional-de-professores-e-mestres-da-arte-capoeira-ginga-brasil","tag-hd-1080p","tag-pernambuco-pe","tag-recife","tag-registro-capoeira-mestre-polemico-professor-joao-couto-teixeira","post_format-post-format-video"],"_links":{"self":[{"href":"https:\/\/universidadedacapoeira.com\/index.php\/wp-json\/wp\/v2\/posts\/4094","targetHints":{"allow":["GET"]}}],"collection":[{"href":"https:\/\/universidadedacapoeira.com\/index.php\/wp-json\/wp\/v2\/posts"}],"about":[{"href":"https:\/\/universidadedacapoeira.com\/index.php\/wp-json\/wp\/v2\/types\/post"}],"author":[{"embeddable":true,"href":"https:\/\/universidadedacapoeira.com\/index.php\/wp-json\/wp\/v2\/users\/2"}],"replies":[{"embeddable":true,"href":"https:\/\/universidadedacapoeira.com\/index.php\/wp-json\/wp\/v2\/comments?post=4094"}],"version-history":[{"count":2,"href":"https:\/\/universidadedacapoeira.com\/index.php\/wp-json\/wp\/v2\/posts\/4094\/revisions"}],"predecessor-version":[{"id":5876,"href":"https:\/\/universidadedacapoeira.com\/index.php\/wp-json\/wp\/v2\/posts\/4094\/revisions\/5876"}],"wp:featuredmedia":[{"embeddable":true,"href":"https:\/\/universidadedacapoeira.com\/index.php\/wp-json\/wp\/v2\/media\/4095"}],"wp:attachment":[{"href":"https:\/\/universidadedacapoeira.com\/index.php\/wp-json\/wp\/v2\/media?parent=4094"}],"wp:term":[{"taxonomy":"category","embeddable":true,"href":"https:\/\/universidadedacapoeira.com\/index.php\/wp-json\/wp\/v2\/categories?post=4094"},{"taxonomy":"post_tag","embeddable":true,"href":"https:\/\/universidadedacapoeira.com\/index.php\/wp-json\/wp\/v2\/tags?post=4094"}],"curies":[{"name":"wp","href":"https:\/\/api.w.org\/{rel}","templated":true}]}}