{"id":3993,"date":"2021-11-12T09:27:29","date_gmt":"2021-11-12T12:27:29","guid":{"rendered":"http:\/\/universidadedacapoeira.com\/?p=3993"},"modified":"2023-02-05T12:01:45","modified_gmt":"2023-02-05T15:01:45","slug":"orquestra-harmonica-de-berimbaus-universidade-livre-de-estudos-culturais-da-capoeira-universidade-da-capoeira-unicapoeira-grupo-de-capoeira-meia-lua-fundado-em-29-de-maio-de-1962-e-instituto-d-8","status":"publish","type":"post","link":"https:\/\/universidadedacapoeira.com\/index.php\/2021\/11\/12\/orquestra-harmonica-de-berimbaus-universidade-livre-de-estudos-culturais-da-capoeira-universidade-da-capoeira-unicapoeira-grupo-de-capoeira-meia-lua-fundado-em-29-de-maio-de-1962-e-instituto-d-8\/","title":{"rendered":"Orquestra Harm\u00f4nica de Berimbaus: Universidade Livre de Estudos Culturais da Capoeira &#8211; Universidade da Capoeira &#8211; UNICAPOEIRA, Grupo de Capoeira Meia Lua &#8211; Fundado em 29 de maio de 1962 e Instituto de Educa\u00e7\u00e3o Socioambiental &#8211; IESAMBI. Solo Berimbau e Flauta. Idalina, S\u00e3o Bento Pequeno, Capoeira na Escola, Santa Maria.T\u00eavo &#8211; Est\u00eav\u00e3o Couto Teixeira, Laura Cavalieri Bisio, Bella &#8211; Maria Izabel Melotti Xible e Peter Faluhelyi. Sala de Entrar, Tig\u00fcera 360, Juiz de Fora, Minas Gerais\/MG, Brasil. Registro de Capoeira Mestre Pol\u00eamico &#8211; Professor Jo\u00e3o Couto Teixeira. IMG_0196. 4,71 GB. 18h31. S\u00e1bado, 21 de Agosto de 2021. HD 1080p."},"content":{"rendered":"\n<figure class=\"wp-block-embed is-type-video is-provider-youtube wp-block-embed-youtube wp-embed-aspect-16-9 wp-has-aspect-ratio\"><div class=\"wp-block-embed__wrapper\">\n<iframe loading=\"lazy\" title=\"Berimbau\/Flauta, Idalina, SB Pequeno, Cap. na Escola, Santa Maria. IMG_0196. 4,71 GB. 18h31. 21ago21\" width=\"500\" height=\"281\" src=\"https:\/\/www.youtube.com\/embed\/CFTzppJasXY?feature=oembed\" frameborder=\"0\" allow=\"accelerometer; autoplay; clipboard-write; encrypted-media; gyroscope; picture-in-picture; web-share\" referrerpolicy=\"strict-origin-when-cross-origin\" allowfullscreen><\/iframe>\n<\/div><\/figure>\n","protected":false},"excerpt":{"rendered":"<p>Orquestra Harm\u00f4nica de Berimbaus: Universidade Livre de Estudos Culturais da Capoeira &#8211; Universidade da Capoeira &#8211; UNICAPOEIRA, Grupo de Capoeira Meia Lua &#8211; Fundado em 29 de maio de 1962 e Instituto de Educa\u00e7\u00e3o Socioambiental &#8211; IESAMBI. Solo Berimbau e Flauta. Idalina, S\u00e3o Bento Pequeno, Capoeira na Escola, Santa Maria.T\u00eavo &#8211; Est\u00eav\u00e3o Couto Teixeira, Laura Cavalieri Bisio, Bella &#8211; Maria Izabel Melotti Xible e Peter Faluhelyi. Sala de Entrar, Tig\u00fcera 360, Juiz de Fora, Minas Gerais\/MG, Brasil. Registro de Capoeira Mestre Pol\u00eamico &#8211; Professor Jo\u00e3o Couto Teixeira. IMG_0196. 4,71 GB. 18h31. S\u00e1bado, 21 de Agosto de 2021. HD 1080p.<\/p>\n","protected":false},"author":2,"featured_media":4001,"comment_status":"open","ping_status":"open","sticky":false,"template":"","format":"video","meta":{"footnotes":""},"categories":[4676],"tags":[2240,856,1199,43,266,1737,1742,1894,2499,236,55,255,42,247,135,519,2500,119,2498,2494,2497,473,120,34,32,33],"class_list":["post-3993","post","type-post","status-publish","format-video","has-post-thumbnail","hentry","category-orquestra-harmonica-de-berimbaus","tag-18h31","tag-4-71-gb","tag-bella-maria-izabel-melotti-xible","tag-brasil","tag-capoeira-na-escola","tag-grupo-de-capoeira-meia-lua-fundado-em-29-de-maio-de-1962","tag-hd-1080p","tag-idalina","tag-img_0196","tag-instituto-de-educacao-socioambiental-iesambi","tag-juiz-de-fora","tag-laura-cavalieri-bisio","tag-minas-gerais-mg","tag-orquestra-harmonica-de-berimbaus","tag-peter-faluhelyi","tag-registro-de-capoeira-mestre-polemico-professor-joao-couto-teixeira","tag-sabado-21-de-agosto-de-2021","tag-sala-de-entrar","tag-santa-maria","tag-sao-bento-pequeno","tag-solo-berimbau-e-flauta","tag-tevo-estevao-couto-teixeira","tag-tiguera-360","tag-unicapoeira","tag-universidade-da-capoeira","tag-universidade-livre-de-estudos-culturais-da-capoeira","post_format-post-format-video"],"_links":{"self":[{"href":"https:\/\/universidadedacapoeira.com\/index.php\/wp-json\/wp\/v2\/posts\/3993","targetHints":{"allow":["GET"]}}],"collection":[{"href":"https:\/\/universidadedacapoeira.com\/index.php\/wp-json\/wp\/v2\/posts"}],"about":[{"href":"https:\/\/universidadedacapoeira.com\/index.php\/wp-json\/wp\/v2\/types\/post"}],"author":[{"embeddable":true,"href":"https:\/\/universidadedacapoeira.com\/index.php\/wp-json\/wp\/v2\/users\/2"}],"replies":[{"embeddable":true,"href":"https:\/\/universidadedacapoeira.com\/index.php\/wp-json\/wp\/v2\/comments?post=3993"}],"version-history":[{"count":2,"href":"https:\/\/universidadedacapoeira.com\/index.php\/wp-json\/wp\/v2\/posts\/3993\/revisions"}],"predecessor-version":[{"id":5906,"href":"https:\/\/universidadedacapoeira.com\/index.php\/wp-json\/wp\/v2\/posts\/3993\/revisions\/5906"}],"wp:featuredmedia":[{"embeddable":true,"href":"https:\/\/universidadedacapoeira.com\/index.php\/wp-json\/wp\/v2\/media\/4001"}],"wp:attachment":[{"href":"https:\/\/universidadedacapoeira.com\/index.php\/wp-json\/wp\/v2\/media?parent=3993"}],"wp:term":[{"taxonomy":"category","embeddable":true,"href":"https:\/\/universidadedacapoeira.com\/index.php\/wp-json\/wp\/v2\/categories?post=3993"},{"taxonomy":"post_tag","embeddable":true,"href":"https:\/\/universidadedacapoeira.com\/index.php\/wp-json\/wp\/v2\/tags?post=3993"}],"curies":[{"name":"wp","href":"https:\/\/api.w.org\/{rel}","templated":true}]}}