{"id":3988,"date":"2021-11-12T16:17:08","date_gmt":"2021-11-12T19:17:08","guid":{"rendered":"http:\/\/universidadedacapoeira.com\/?p=3988"},"modified":"2023-02-05T12:01:24","modified_gmt":"2023-02-05T15:01:24","slug":"urubu-servante-jardim-quintal-alto-tiguera-360-juiz-de-fora-minas-gerais-mg-brasil-registro-de-capoeira-mestre-polemico-professor-joao-couto-teixeira-img_0487-1469-mb-11h09-quarta-feira","status":"publish","type":"post","link":"https:\/\/universidadedacapoeira.com\/index.php\/2021\/11\/12\/urubu-servante-jardim-quintal-alto-tiguera-360-juiz-de-fora-minas-gerais-mg-brasil-registro-de-capoeira-mestre-polemico-professor-joao-couto-teixeira-img_0487-1469-mb-11h09-quarta-feira\/","title":{"rendered":"Universidade Livre de Estudos Culturais da Capoeira &#8211; Universidade da Capoeira &#8211; UNICAPOEIRA, Instituto de Educa\u00e7\u00e3o Socioambiental &#8211; IESAMBI, Associa\u00e7\u00e3o de Capoeira &#8211; ASCA e Grupo de Capoeira MEIA LUA &#8211; Fundado em 29 de Maio de 1962. Urubu: Servante. Jardim, Quintal Alto, Tig\u00fcera 360, Juiz de Fora, Minas Gerais\/MG, Brasil. Registro de Capoeira Mestre Pol\u00eamico &#8211; Professor Jo\u00e3o Couto Teixeira. IMG_0487. 146,9 MB. 11h09. Quarta-feira, 01 de Setembro de 2021. HD 1080p."},"content":{"rendered":"\n<figure class=\"wp-block-embed is-type-video is-provider-youtube wp-block-embed-youtube wp-embed-aspect-16-9 wp-has-aspect-ratio\"><div class=\"wp-block-embed__wrapper\">\n<iframe loading=\"lazy\" title=\"Urubu: Servante. Quintal Alto, Tig\u00fcera 360, Juiz de Fora, Brasil. IMG_0487. 146,9 MB. 11h09. 01set21\" width=\"500\" height=\"281\" src=\"https:\/\/www.youtube.com\/embed\/7k4DaPWkdBA?feature=oembed\" frameborder=\"0\" allow=\"accelerometer; autoplay; clipboard-write; encrypted-media; gyroscope; picture-in-picture; web-share\" referrerpolicy=\"strict-origin-when-cross-origin\" allowfullscreen><\/iframe>\n<\/div><\/figure>\n\n\n","protected":false},"excerpt":{"rendered":"<p>Urubu: Servante. Jardim, Quintal Alto, Tig\u00fcera 360, Juiz de Fora, Minas Gerais\/MG, Brasil. Registro de Capoeira Mestre Pol\u00eamico &#8211; Professor Jo\u00e3o Couto Teixeira. IMG_0487. 146,9 MB. 11h09. Quarta-feira, 01 de Setembro de 2021. HD 1080p.<\/p>\n","protected":false},"author":2,"featured_media":3998,"comment_status":"open","ping_status":"open","sticky":false,"template":"","format":"video","meta":{"footnotes":""},"categories":[4722],"tags":[1040,2493,43,1742,2492,1287,55,42,2437,908,519,2491,120,2490],"class_list":["post-3988","post","type-post","status-publish","format-video","has-post-thumbnail","hentry","category-animais","tag-11h09","tag-146-9-mb","tag-brasil","tag-hd-1080p","tag-img_0487","tag-jardim","tag-juiz-de-fora","tag-minas-gerais-mg","tag-quarta-feira-01-de-setembro-de-2021","tag-quintal-alto","tag-registro-de-capoeira-mestre-polemico-professor-joao-couto-teixeira","tag-servante","tag-tiguera-360","tag-urubu","post_format-post-format-video"],"_links":{"self":[{"href":"https:\/\/universidadedacapoeira.com\/index.php\/wp-json\/wp\/v2\/posts\/3988","targetHints":{"allow":["GET"]}}],"collection":[{"href":"https:\/\/universidadedacapoeira.com\/index.php\/wp-json\/wp\/v2\/posts"}],"about":[{"href":"https:\/\/universidadedacapoeira.com\/index.php\/wp-json\/wp\/v2\/types\/post"}],"author":[{"embeddable":true,"href":"https:\/\/universidadedacapoeira.com\/index.php\/wp-json\/wp\/v2\/users\/2"}],"replies":[{"embeddable":true,"href":"https:\/\/universidadedacapoeira.com\/index.php\/wp-json\/wp\/v2\/comments?post=3988"}],"version-history":[{"count":2,"href":"https:\/\/universidadedacapoeira.com\/index.php\/wp-json\/wp\/v2\/posts\/3988\/revisions"}],"predecessor-version":[{"id":5905,"href":"https:\/\/universidadedacapoeira.com\/index.php\/wp-json\/wp\/v2\/posts\/3988\/revisions\/5905"}],"wp:featuredmedia":[{"embeddable":true,"href":"https:\/\/universidadedacapoeira.com\/index.php\/wp-json\/wp\/v2\/media\/3998"}],"wp:attachment":[{"href":"https:\/\/universidadedacapoeira.com\/index.php\/wp-json\/wp\/v2\/media?parent=3988"}],"wp:term":[{"taxonomy":"category","embeddable":true,"href":"https:\/\/universidadedacapoeira.com\/index.php\/wp-json\/wp\/v2\/categories?post=3988"},{"taxonomy":"post_tag","embeddable":true,"href":"https:\/\/universidadedacapoeira.com\/index.php\/wp-json\/wp\/v2\/tags?post=3988"}],"curies":[{"name":"wp","href":"https:\/\/api.w.org\/{rel}","templated":true}]}}