{"id":3772,"date":"2021-11-08T16:45:01","date_gmt":"2021-11-08T19:45:01","guid":{"rendered":"http:\/\/universidadedacapoeira.com\/?p=3772"},"modified":"2023-02-05T12:38:04","modified_gmt":"2023-02-05T15:38:04","slug":"universidade-livre-de-estudos-culturais-da-capoeira-universidade-da-capoeira-unicapoeira-grupo-de-capoeira-meia-lua-fundado-em-29-de-maio-de-1962-instituto-de-educacao-socioambiental-iesambi","status":"publish","type":"post","link":"https:\/\/universidadedacapoeira.com\/index.php\/2021\/11\/08\/universidade-livre-de-estudos-culturais-da-capoeira-universidade-da-capoeira-unicapoeira-grupo-de-capoeira-meia-lua-fundado-em-29-de-maio-de-1962-instituto-de-educacao-socioambiental-iesambi\/","title":{"rendered":"Universidade Livre de Estudos Culturais da Capoeira &#8211; Universidade da Capoeira &#8211; UNICAPOEIRA, Grupo de Capoeira Meia Lua &#8211; Fundado em 29 de Maio de 1962, Instituto de Educa\u00e7\u00e3o Socioambiental &#8211; IESAMBI, Capoeira Mestre Pol\u00eamico &#8211; Professor Jo\u00e3o Couto Teixeira: Parque Ecol\u00f3gico da Asa Sul. Projeto Margem, Centro de Ensino M\u00e9dio Setor Leste &#8211; CEMSL, Secretaria de Estado de Educa\u00e7\u00e3o &#8211; SEE, Centro de Recursos Tecnol\u00f3gicos &#8211; CRT, Setor de Provimento e Produ\u00e7\u00e3o &#8211; SEPPRO, N\u00facleo de Teleeduca\u00e7\u00e3o &#8211; NUTEL, C\u00e2mera de Jos\u00e9 Luiz Gon\u00e7alves, Bras\u00edlia, Distrito Federal\/DF, Brasil. Reportagem de TV Globo. 38,8 MB. 20h17. Segunda-feira, 31 de dezembro de 2007. VTS_04_2."},"content":{"rendered":"\n<figure class=\"wp-block-embed is-type-video is-provider-youtube wp-block-embed-youtube wp-embed-aspect-4-3 wp-has-aspect-ratio\"><div class=\"wp-block-embed__wrapper\">\n<iframe loading=\"lazy\" title=\"Parque Ecol\u00f3gico Asa Sul: Projeto Margem. Mestre Pol\u00eamico\/Professor Jo\u00e3o Couto Teixeira. 10Set03. 02\" width=\"500\" height=\"375\" src=\"https:\/\/www.youtube.com\/embed\/yz5w9IHMoEg?feature=oembed\" frameborder=\"0\" allow=\"accelerometer; autoplay; clipboard-write; encrypted-media; gyroscope; picture-in-picture; web-share\" referrerpolicy=\"strict-origin-when-cross-origin\" allowfullscreen><\/iframe>\n<\/div><\/figure>\n","protected":false},"excerpt":{"rendered":"<p>Universidade Livre de Estudos Culturais da Capoeira &#8211; Universidade da Capoeira &#8211; UNICAPOEIRA, Grupo de Capoeira Meia Lua &#8211; Fundado em 29 de Maio de 1962, Instituto de Educa\u00e7\u00e3o Socioambiental &#8211; IESAMBI, Capoeira Mestre Pol\u00eamico &#8211; Professor Jo\u00e3o Couto Teixeira: Parque Ecol\u00f3gico da Asa Sul. Projeto Margem, Centro de Ensino M\u00e9dio Setor Leste &#8211; CEMSL, Secretaria de Estado de Educa\u00e7\u00e3o &#8211; SEE, Centro de Recursos Tecnol\u00f3gicos &#8211; CRT, Setor de Provimento e Produ\u00e7\u00e3o &#8211; SEPPRO, N\u00facleo de Teleeduca\u00e7\u00e3o &#8211; NUTEL, C\u00e2mera de Jos\u00e9 Luiz Gon\u00e7alves, Bras\u00edlia, Distrito Federal\/DF, Brasil. Reportagem de TV Globo. 38,8 MB. 20h17. Segunda-feira, 31 de dezembro de 2007. VTS_04_2.<\/p>\n","protected":false},"author":2,"featured_media":3774,"comment_status":"open","ping_status":"open","sticky":false,"template":"","format":"video","meta":{"footnotes":""},"categories":[4738],"tags":[2157,2156,43,59,2154,35,2011,2149,241,1737,236,2153,2148,2150,2155,2151,2158,2152,34,32,33,2159],"class_list":["post-3772","post","type-post","status-publish","format-video","has-post-thumbnail","hentry","category-iesambi","tag-20h17","tag-38-8-mb","tag-brasil","tag-brasilia","tag-camera-de-jose-luiz-goncalves","tag-capoeira-mestre-polemico-professor-joao-couto-teixeira","tag-centro-de-ensino-medio-setor-leste-cemsl","tag-centro-de-recursos-tecnologicos-crt","tag-distrito-federal-df","tag-grupo-de-capoeira-meia-lua-fundado-em-29-de-maio-de-1962","tag-instituto-de-educacao-socioambiental-iesambi","tag-nucleo-de-teleeducacao-nutel","tag-parque-ecologico-da-asa-sul","tag-projeto-margem","tag-reportagem-de-tv-globo","tag-secretaria-de-estado-de-educacao-see","tag-segunda-feira-31-de-dezembro-de-2007","tag-setor-de-provimento-e-producao-seppro","tag-unicapoeira","tag-universidade-da-capoeira","tag-universidade-livre-de-estudos-culturais-da-capoeira","tag-vts_04_2","post_format-post-format-video"],"_links":{"self":[{"href":"https:\/\/universidadedacapoeira.com\/index.php\/wp-json\/wp\/v2\/posts\/3772","targetHints":{"allow":["GET"]}}],"collection":[{"href":"https:\/\/universidadedacapoeira.com\/index.php\/wp-json\/wp\/v2\/posts"}],"about":[{"href":"https:\/\/universidadedacapoeira.com\/index.php\/wp-json\/wp\/v2\/types\/post"}],"author":[{"embeddable":true,"href":"https:\/\/universidadedacapoeira.com\/index.php\/wp-json\/wp\/v2\/users\/2"}],"replies":[{"embeddable":true,"href":"https:\/\/universidadedacapoeira.com\/index.php\/wp-json\/wp\/v2\/comments?post=3772"}],"version-history":[{"count":2,"href":"https:\/\/universidadedacapoeira.com\/index.php\/wp-json\/wp\/v2\/posts\/3772\/revisions"}],"predecessor-version":[{"id":5976,"href":"https:\/\/universidadedacapoeira.com\/index.php\/wp-json\/wp\/v2\/posts\/3772\/revisions\/5976"}],"wp:featuredmedia":[{"embeddable":true,"href":"https:\/\/universidadedacapoeira.com\/index.php\/wp-json\/wp\/v2\/media\/3774"}],"wp:attachment":[{"href":"https:\/\/universidadedacapoeira.com\/index.php\/wp-json\/wp\/v2\/media?parent=3772"}],"wp:term":[{"taxonomy":"category","embeddable":true,"href":"https:\/\/universidadedacapoeira.com\/index.php\/wp-json\/wp\/v2\/categories?post=3772"},{"taxonomy":"post_tag","embeddable":true,"href":"https:\/\/universidadedacapoeira.com\/index.php\/wp-json\/wp\/v2\/tags?post=3772"}],"curies":[{"name":"wp","href":"https:\/\/api.w.org\/{rel}","templated":true}]}}