{"id":3749,"date":"2021-11-08T13:38:52","date_gmt":"2021-11-08T16:38:52","guid":{"rendered":"http:\/\/universidadedacapoeira.com\/?p=3749"},"modified":"2023-02-06T06:50:08","modified_gmt":"2023-02-06T09:50:08","slug":"capoeira-mestre-andre-luiz-lace-lopes-orquestra-harmonica-de-berimbaus-universidade-livre-de-estudos-culturais-da-capoeira-universidade-da-capoeira-unicapoeira-grupo-de-capoeira-meia-lua-fund","status":"publish","type":"post","link":"https:\/\/universidadedacapoeira.com\/index.php\/2021\/11\/08\/capoeira-mestre-andre-luiz-lace-lopes-orquestra-harmonica-de-berimbaus-universidade-livre-de-estudos-culturais-da-capoeira-universidade-da-capoeira-unicapoeira-grupo-de-capoeira-meia-lua-fund\/","title":{"rendered":"Capoeira Mestre Andr\u00e9 Luiz Lac\u00e9 Lopes, Orquestra Harm\u00f4nica de Berimbaus, Universidade Livre de Estudos Culturais da Capoeira &#8211; Universidade da Capoeira &#8211; UNICAPOEIRA, Grupo de Capoeira Meia Lua &#8211; Fundado em 29 de Maio de 1962, Instituto de Educa\u00e7\u00e3o Socioambiental &#8211; IESAMBI, Xico &#8211; Francisco de Assis Couto Teixeira, Bilinho &#8211; Domingos Couto Teixeira, Henrique Couto Teixeira,  Peter Faluhelyi, Laura Cavalieri Bisio, Bella &#8211; Maria Isabel Melotti Xible, Capoeira Mestre Paradinha &#8211; Escritor Jefferson Gomes Nogueira, Sala de Entrar, Tig\u00fcera 360, Juiz de Fora, Minas Gerais\/MG, Brasil, Registro de Capoeira Mestre Pol\u00eamico &#8211; Professor Jo\u00e3o Couto Teixeira, IMG_8891, 11.85 GB, 18h36, S\u00e1bado &#8211; 19 de junho de 2021"},"content":{"rendered":"\n<figure class=\"wp-block-embed is-type-video is-provider-youtube wp-block-embed-youtube wp-embed-aspect-16-9 wp-has-aspect-ratio\"><div class=\"wp-block-embed__wrapper\">\n<iframe loading=\"lazy\" title=\"UNICAPOEIRA Mestre Andr\u00e9 Luiz Lac\u00e9 Lopes: Orquestra. Tig\u00fc\u00e9ra 360. IMG_8891. 11,85 GB. 18h36. 19Jun21\" width=\"500\" height=\"281\" src=\"https:\/\/www.youtube.com\/embed\/Q45_aY6ra-E?feature=oembed\" frameborder=\"0\" allow=\"accelerometer; autoplay; clipboard-write; encrypted-media; gyroscope; picture-in-picture; web-share\" referrerpolicy=\"strict-origin-when-cross-origin\" allowfullscreen><\/iframe>\n<\/div><\/figure>\n","protected":false},"excerpt":{"rendered":"<p>Capoeira Mestre Andr\u00e9 Luiz Lac\u00e9 Lopes: Orquestra Harm\u00f4nica de Berimbaus. Universidade Livre de Estudos Culturais da Capoeira &#8211; Universidade da Capoeira &#8211; UNICAPOEIRA, Grupo de Capoeira Meia Lua &#8211; Fundado em 29 de Maio de 1962 e Instituto de Educa\u00e7\u00e3o Socioambiental &#8211; IESAMBI. Xico &#8211; Francisco de Assis Couto Teixeira, Bilinho &#8211; Domingos Couto Teixeira, Henrique Couto Teixeira,  Peter Faluhelyi, Laura Cavalieri Bisio, Bella &#8211; Maria Isabel Melotti Xible e Capoeira Mestre Paradinha &#8211; Escritor Jefferson Gomes Nogueira. Sala de Entrar, Tig\u00fcera 360, Juiz de Fora, Minas Gerais\/MG, Brasil. Registro de Capoeira Mestre Pol\u00eamico &#8211; Professor Jo\u00e3o Couto Teixeira. IMG_8891. 11,85 GB. 18h36. S\u00e1bado, 19 de junho de 2021.<\/p>\n","protected":false},"author":2,"featured_media":3750,"comment_status":"open","ping_status":"open","sticky":false,"template":"","format":"video","meta":{"footnotes":""},"categories":[4676],"tags":[2101,2102,1758,675,43,78,2099,1737,1802,2100,236,55,255,42,247,135,519,2097,119,120,411,48],"class_list":["post-3749","post","type-post","status-publish","format-video","has-post-thumbnail","hentry","category-orquestra-harmonica-de-berimbaus","tag-11-85-gb","tag-18h36","tag-bella-maria-isabel-melotti-xible","tag-bilinho-domingos-couto-teixeira","tag-brasil","tag-capoeira-mestre-andre-luiz-lace-lopes","tag-capoeira-mestre-paradinha-escritor-jefferson-gomes-nogueira","tag-grupo-de-capoeira-meia-lua-fundado-em-29-de-maio-de-1962","tag-henrique-couto-teixeira","tag-img_8891","tag-instituto-de-educacao-socioambiental-iesambi","tag-juiz-de-fora","tag-laura-cavalieri-bisio","tag-minas-gerais-mg","tag-orquestra-harmonica-de-berimbaus","tag-peter-faluhelyi","tag-registro-de-capoeira-mestre-polemico-professor-joao-couto-teixeira","tag-sabado-19-de-junho-de-2021","tag-sala-de-entrar","tag-tiguera-360","tag-universidade-livre-de-estudos-culturais-da-capoeira-universidade-da-capoeira-unicapoeira","tag-xico-francisco-de-assis-couto-teixeira","post_format-post-format-video"],"_links":{"self":[{"href":"https:\/\/universidadedacapoeira.com\/index.php\/wp-json\/wp\/v2\/posts\/3749","targetHints":{"allow":["GET"]}}],"collection":[{"href":"https:\/\/universidadedacapoeira.com\/index.php\/wp-json\/wp\/v2\/posts"}],"about":[{"href":"https:\/\/universidadedacapoeira.com\/index.php\/wp-json\/wp\/v2\/types\/post"}],"author":[{"embeddable":true,"href":"https:\/\/universidadedacapoeira.com\/index.php\/wp-json\/wp\/v2\/users\/2"}],"replies":[{"embeddable":true,"href":"https:\/\/universidadedacapoeira.com\/index.php\/wp-json\/wp\/v2\/comments?post=3749"}],"version-history":[{"count":2,"href":"https:\/\/universidadedacapoeira.com\/index.php\/wp-json\/wp\/v2\/posts\/3749\/revisions"}],"predecessor-version":[{"id":5983,"href":"https:\/\/universidadedacapoeira.com\/index.php\/wp-json\/wp\/v2\/posts\/3749\/revisions\/5983"}],"wp:featuredmedia":[{"embeddable":true,"href":"https:\/\/universidadedacapoeira.com\/index.php\/wp-json\/wp\/v2\/media\/3750"}],"wp:attachment":[{"href":"https:\/\/universidadedacapoeira.com\/index.php\/wp-json\/wp\/v2\/media?parent=3749"}],"wp:term":[{"taxonomy":"category","embeddable":true,"href":"https:\/\/universidadedacapoeira.com\/index.php\/wp-json\/wp\/v2\/categories?post=3749"},{"taxonomy":"post_tag","embeddable":true,"href":"https:\/\/universidadedacapoeira.com\/index.php\/wp-json\/wp\/v2\/tags?post=3749"}],"curies":[{"name":"wp","href":"https:\/\/api.w.org\/{rel}","templated":true}]}}