{"id":3516,"date":"2021-10-20T18:12:59","date_gmt":"2021-10-20T21:12:59","guid":{"rendered":"http:\/\/universidadedacapoeira.com\/?p=3516"},"modified":"2023-02-06T16:22:32","modified_gmt":"2023-02-06T19:22:32","slug":"salete-libardoni-producao-suite-tiguera-360-juiz-de-fora-minas-gerais-mg-brasil-registro-de-capoeira-mestre-polemico-professor-joao-couto-teixeira-img_7765-23-2-mb-16h30-terca-feira-27-d","status":"publish","type":"post","link":"https:\/\/universidadedacapoeira.com\/index.php\/2021\/10\/20\/salete-libardoni-producao-suite-tiguera-360-juiz-de-fora-minas-gerais-mg-brasil-registro-de-capoeira-mestre-polemico-professor-joao-couto-teixeira-img_7765-23-2-mb-16h30-terca-feira-27-d\/","title":{"rendered":"Universidade Livre de Estudos Culturais da Capoeira &#8211; Universidade da Capoeira &#8211; UNICAPOEIRA, Instituto de Educa\u00e7\u00e3o Socioambiental &#8211; IESAMBI, Associa\u00e7\u00e3o de Capoeira &#8211; ASCA e Grupo de Capoeira MEIA LUA &#8211; Fundado em 29 de Maio de 1962. Salete Libardoni, Produ\u00e7\u00e3o, Su\u00edte, Tig\u00fcera 360, Juiz de Fora, Minas Gerais\/MG, Brasil, Registro de Capoeira Mestre Pol\u00eamico &#8211; Professor Jo\u00e3o Couto Teixeira, IMG_7765, 23.2 MB, 16h30 Ter\u00e7a-feira &#8211; 27 de abril de 2021, HD 1080p"},"content":{"rendered":"\n<figure class=\"wp-block-embed is-type-video is-provider-youtube wp-block-embed-youtube wp-embed-aspect-16-9 wp-has-aspect-ratio\"><div class=\"wp-block-embed__wrapper\">\n<iframe loading=\"lazy\" title=\"Salete Libardoni: Produ\u00e7\u00e3o. Tig\u00fcera 360, Juiz de Fora, Minas Gerais. IMG_7765. 23,2 MB\/16h30\/27abr21\" width=\"500\" height=\"281\" src=\"https:\/\/www.youtube.com\/embed\/RqWm7rCNUQU?feature=oembed\" frameborder=\"0\" allow=\"accelerometer; autoplay; clipboard-write; encrypted-media; gyroscope; picture-in-picture; web-share\" referrerpolicy=\"strict-origin-when-cross-origin\" allowfullscreen><\/iframe>\n<\/div><\/figure>\n","protected":false},"excerpt":{"rendered":"<p>Salete Libardoni, Produ\u00e7\u00e3o, Su\u00edte, Tig\u00fcera 360, Juiz de Fora, Minas Gerais\/MG, Brasil, Registro de Capoeira Mestre Pol\u00eamico &#8211; Professor Jo\u00e3o Couto Teixeira, IMG_7765, 23.2 MB, 16h30 Ter\u00e7a-feira &#8211; 27 de abril de 2021, HD 1080p<\/p>\n","protected":false},"author":2,"featured_media":3517,"comment_status":"open","ping_status":"open","sticky":false,"template":"","format":"video","meta":{"footnotes":""},"categories":[4732],"tags":[1795,1796,43,1742,1794,55,42,1793,519,575,165,120],"class_list":["post-3516","post","type-post","status-publish","format-video","has-post-thumbnail","hentry","category-salete-libardoni","tag-16h30-terca-feira-27-de-abril-de-2021","tag-23-2-mb","tag-brasil","tag-hd-1080p","tag-img_7765","tag-juiz-de-fora","tag-minas-gerais-mg","tag-producao","tag-registro-de-capoeira-mestre-polemico-professor-joao-couto-teixeira","tag-salete-libardoni","tag-suite","tag-tiguera-360","post_format-post-format-video"],"_links":{"self":[{"href":"https:\/\/universidadedacapoeira.com\/index.php\/wp-json\/wp\/v2\/posts\/3516","targetHints":{"allow":["GET"]}}],"collection":[{"href":"https:\/\/universidadedacapoeira.com\/index.php\/wp-json\/wp\/v2\/posts"}],"about":[{"href":"https:\/\/universidadedacapoeira.com\/index.php\/wp-json\/wp\/v2\/types\/post"}],"author":[{"embeddable":true,"href":"https:\/\/universidadedacapoeira.com\/index.php\/wp-json\/wp\/v2\/users\/2"}],"replies":[{"embeddable":true,"href":"https:\/\/universidadedacapoeira.com\/index.php\/wp-json\/wp\/v2\/comments?post=3516"}],"version-history":[{"count":2,"href":"https:\/\/universidadedacapoeira.com\/index.php\/wp-json\/wp\/v2\/posts\/3516\/revisions"}],"predecessor-version":[{"id":6046,"href":"https:\/\/universidadedacapoeira.com\/index.php\/wp-json\/wp\/v2\/posts\/3516\/revisions\/6046"}],"wp:featuredmedia":[{"embeddable":true,"href":"https:\/\/universidadedacapoeira.com\/index.php\/wp-json\/wp\/v2\/media\/3517"}],"wp:attachment":[{"href":"https:\/\/universidadedacapoeira.com\/index.php\/wp-json\/wp\/v2\/media?parent=3516"}],"wp:term":[{"taxonomy":"category","embeddable":true,"href":"https:\/\/universidadedacapoeira.com\/index.php\/wp-json\/wp\/v2\/categories?post=3516"},{"taxonomy":"post_tag","embeddable":true,"href":"https:\/\/universidadedacapoeira.com\/index.php\/wp-json\/wp\/v2\/tags?post=3516"}],"curies":[{"name":"wp","href":"https:\/\/api.w.org\/{rel}","templated":true}]}}